{"id":118149,"date":"2021-06-07T15:14:15","date_gmt":"2021-06-07T19:14:15","guid":{"rendered":"https:\/\/linitiative.ca\/International\/equipe-dalgerie-benlamri-cela-fait-longtemps-que-nous-navons-pas-affronte-un-adversaire-aussi-costaud\/"},"modified":"2021-06-07T15:14:15","modified_gmt":"2021-06-07T19:14:15","slug":"equipe-dalgerie-benlamri-cela-fait-longtemps-que-nous-navons-pas-affronte-un-adversaire-aussi-costaud","status":"publish","type":"post","link":"https:\/\/linitiative.ca\/International\/equipe-dalgerie-benlamri-cela-fait-longtemps-que-nous-navons-pas-affronte-un-adversaire-aussi-costaud\/","title":{"rendered":"Equipe d&rsquo;Alg\u00e9rie : Benlamri : \u00ab\u00a0Cela fait longtemps que nous n\u2019avons pas affront\u00e9 un adversaire aussi costaud\u00a0\u00bb"},"content":{"rendered":"<div readability=\"32\">\n<p>Auteur : <span class=\"time\">lundi 07 juin 2021 09:00<\/span><\/p>\n<\/div>\n<div id=\"post_core\" readability=\"40\">\n<p>Apr\u00e8s le match, le d\u00e9fenseur alg\u00e9rien de Lyon, Djamel Benlamri n\u2019a pas manqu\u00e9 de faire l\u2019\u00e9loge de l\u2019\u00e9quipe malienne : \u00ab\u00a0Je dois d\u2019abord f\u00e9liciter l\u2019\u00e9quipe du Mali, qui nous a caus\u00e9 d\u2019\u00e9normes probl\u00e8mes. Cela fait longtemps que nous n\u2019avons pas affront\u00e9 un adversaire aussi costaud. Nous avons vraiment su\u00e9 pour l\u2019emporter, mais je pense que nous \u00e9tions tr\u00e8s concentr\u00e9s tout au long de la rencontre. L\u2019essentiel c\u2019est la victoire et maintenant, il faut se tourner vers la prochaine rencontre face \u00e0 la Tunisie.\u00a0\u00bb<\/p>\n<p><strong>Publi\u00e9 dans :<\/strong> <span>Benlamri<\/span><\/p>\n<\/div>\n<p>Auteur:<br \/>\n<a href=\"http:\/\/www.lebuteur.com\/article\/detail?titre=benlamri-cela-fait-longtemps-que-nous-navons-pas-affronte-un-adversaire-aussi-costaud&#038;id=100302&#038;utm_source=feedburner&#038;utm_medium=feed&#038;utm_campaign=Feed%3A+GalerieFArtciles+%28Les+derniers+articles++-+lebuteur.com%29\">Cliquez ici pour lire l&rsquo;article depuis sa source.<\/a><\/p>\n","protected":false},"excerpt":{"rendered":"<p>Auteur : lundi 07 juin 2021 09:00 Apr\u00e8s le match, le d\u00e9fenseur alg\u00e9rien de Lyon, Djamel Benlamri n\u2019a pas manqu\u00e9 de faire l\u2019\u00e9loge de l\u2019\u00e9quipe malienne : \u00ab\u00a0Je dois d\u2019abord f\u00e9liciter l\u2019\u00e9quipe du Mali, qui nous a caus\u00e9 d\u2019\u00e9normes probl\u00e8mes. Cela fait longtemps que nous n\u2019avons pas affront\u00e9 un adversaire aussi costaud. Nous avons vraiment [&hellip;]<\/p>\n","protected":false},"author":1738,"featured_media":0,"comment_status":"closed","ping_status":"closed","sticky":false,"template":"","format":"standard","meta":{"fifu_image_url":"\/\/cdn.lebuteur.com\/data\/images\/article\/thumbs\/large-benlamri-cela-fait-longtemps-que-nous-navons-pas-affronte-un-adversaire-aussi-costaud-aeff1.jpg","fifu_image_alt":"Equipe d'Alg\u00e9rie : Benlamri : \"Cela fait longtemps que nous n\u2019avons pas affront\u00e9 un adversaire aussi costaud\"","footnotes":""},"categories":[53,75],"tags":[],"class_list":["post-118149","post","type-post","status-publish","format-standard","hentry","category-algerie","category-sport"],"_links":{"self":[{"href":"https:\/\/linitiative.ca\/International\/wp-json\/wp\/v2\/posts\/118149","targetHints":{"allow":["GET"]}}],"collection":[{"href":"https:\/\/linitiative.ca\/International\/wp-json\/wp\/v2\/posts"}],"about":[{"href":"https:\/\/linitiative.ca\/International\/wp-json\/wp\/v2\/types\/post"}],"author":[{"embeddable":true,"href":"https:\/\/linitiative.ca\/International\/wp-json\/wp\/v2\/users\/1738"}],"replies":[{"embeddable":true,"href":"https:\/\/linitiative.ca\/International\/wp-json\/wp\/v2\/comments?post=118149"}],"version-history":[{"count":0,"href":"https:\/\/linitiative.ca\/International\/wp-json\/wp\/v2\/posts\/118149\/revisions"}],"wp:attachment":[{"href":"https:\/\/linitiative.ca\/International\/wp-json\/wp\/v2\/media?parent=118149"}],"wp:term":[{"taxonomy":"category","embeddable":true,"href":"https:\/\/linitiative.ca\/International\/wp-json\/wp\/v2\/categories?post=118149"},{"taxonomy":"post_tag","embeddable":true,"href":"https:\/\/linitiative.ca\/International\/wp-json\/wp\/v2\/tags?post=118149"}],"curies":[{"name":"wp","href":"https:\/\/api.w.org\/{rel}","templated":true}]}}