{"id":118150,"date":"2021-06-07T15:14:17","date_gmt":"2021-06-07T19:14:17","guid":{"rendered":"https:\/\/linitiative.ca\/International\/pros-une-indication-sur-lavenir-de-benlamri\/"},"modified":"2021-06-07T15:14:17","modified_gmt":"2021-06-07T19:14:17","slug":"pros-une-indication-sur-lavenir-de-benlamri","status":"publish","type":"post","link":"https:\/\/linitiative.ca\/International\/pros-une-indication-sur-lavenir-de-benlamri\/","title":{"rendered":"Pros : Une indication sur l&rsquo;avenir de Benlamri"},"content":{"rendered":"<div readability=\"32\">\n<p>Auteur : <span class=\"time\">lundi 07 juin 2021 12:15<\/span><\/p>\n<\/div>\n<div id=\"post_core\" readability=\"43\">\n<p>Apr\u00e8s le succ\u00e8s de l&rsquo;Alg\u00e9rie face au Mali ce dimanche soir, Benlamri s\u2019est exprim\u00e9 \u00e0 propos de son avenir\u00a0: \u00ab\u00a0Pour l\u2019instant je suis concentr\u00e9 avec l\u2019\u00e9quipa nationale, j\u2019ai des offres au Qatar, je vais terminer le stage et on va voir ce que l\u2019avenir nous r\u00e9serve\u00a0\u00bb. Des propos relay\u00e9s par Onzemondial.<\/p>\n<p>L\u2019ancien joueur de S\u00e9tif semble donc s\u2019\u00e9loigner plus que jamais de Lyon et pourrait donc d\u00e9couvrir un quatri\u00e8me championnat, apr\u00e8s l\u2019Alg\u00e9rie, l\u2019Arabie Saoudite et la France.<\/p>\n<p><strong>Publi\u00e9 dans :<\/strong> <span>Benlamri<\/span><\/p>\n<\/div>\n<p>Auteur:<br \/>\n<a href=\"http:\/\/www.lebuteur.com\/article\/detail?titre=une-indication-sur-lavenir-de-benlamri&#038;id=100304&#038;utm_source=feedburner&#038;utm_medium=feed&#038;utm_campaign=Feed%3A+GalerieFArtciles+%28Les+derniers+articles++-+lebuteur.com%29\">Cliquez ici pour lire l&rsquo;article depuis sa source.<\/a><\/p>\n","protected":false},"excerpt":{"rendered":"<p>Auteur : lundi 07 juin 2021 12:15 Apr\u00e8s le succ\u00e8s de l&rsquo;Alg\u00e9rie face au Mali ce dimanche soir, Benlamri s\u2019est exprim\u00e9 \u00e0 propos de son avenir\u00a0: \u00ab\u00a0Pour l\u2019instant je suis concentr\u00e9 avec l\u2019\u00e9quipa nationale, j\u2019ai des offres au Qatar, je vais terminer le stage et on va voir ce que l\u2019avenir nous r\u00e9serve\u00a0\u00bb. Des propos [&hellip;]<\/p>\n","protected":false},"author":1738,"featured_media":0,"comment_status":"closed","ping_status":"closed","sticky":false,"template":"","format":"standard","meta":{"fifu_image_url":"\/\/cdn.lebuteur.com\/data\/images\/article\/thumbs\/large-une-indication-sur-lavenir-de-benlamri-c6c0d.jpg","fifu_image_alt":"Pros : Une indication sur l'avenir de Benlamri","footnotes":""},"categories":[53,75],"tags":[],"class_list":["post-118150","post","type-post","status-publish","format-standard","hentry","category-algerie","category-sport"],"_links":{"self":[{"href":"https:\/\/linitiative.ca\/International\/wp-json\/wp\/v2\/posts\/118150","targetHints":{"allow":["GET"]}}],"collection":[{"href":"https:\/\/linitiative.ca\/International\/wp-json\/wp\/v2\/posts"}],"about":[{"href":"https:\/\/linitiative.ca\/International\/wp-json\/wp\/v2\/types\/post"}],"author":[{"embeddable":true,"href":"https:\/\/linitiative.ca\/International\/wp-json\/wp\/v2\/users\/1738"}],"replies":[{"embeddable":true,"href":"https:\/\/linitiative.ca\/International\/wp-json\/wp\/v2\/comments?post=118150"}],"version-history":[{"count":0,"href":"https:\/\/linitiative.ca\/International\/wp-json\/wp\/v2\/posts\/118150\/revisions"}],"wp:attachment":[{"href":"https:\/\/linitiative.ca\/International\/wp-json\/wp\/v2\/media?parent=118150"}],"wp:term":[{"taxonomy":"category","embeddable":true,"href":"https:\/\/linitiative.ca\/International\/wp-json\/wp\/v2\/categories?post=118150"},{"taxonomy":"post_tag","embeddable":true,"href":"https:\/\/linitiative.ca\/International\/wp-json\/wp\/v2\/tags?post=118150"}],"curies":[{"name":"wp","href":"https:\/\/api.w.org\/{rel}","templated":true}]}}