{"id":118152,"date":"2021-06-07T07:16:00","date_gmt":"2021-06-07T11:16:00","guid":{"rendered":"https:\/\/linitiative.ca\/International\/je-suis-votre-chef-donc-je-vous-suis\/"},"modified":"2021-06-07T07:16:00","modified_gmt":"2021-06-07T11:16:00","slug":"je-suis-votre-chef-donc-je-vous-suis","status":"publish","type":"post","link":"https:\/\/linitiative.ca\/International\/je-suis-votre-chef-donc-je-vous-suis\/","title":{"rendered":"Je suis votre chef, donc je vous suis"},"content":{"rendered":"<p><span class=\"c2\"><strong><em><img decoding=\"async\" src=\"\/uploads\/FCK_files\/Hedi-Behi_0551(5).jpg\" width=\"20%\" vspace=\"5\" hspace=\"5\" align=\"left\" alt=\"\"\/>Par H\u00e9di B\u00e9hi<\/em><\/strong><\/span>. Pour avoir rendu d&rsquo;\u00e9minents services \u00e0 la cause nationale qu&rsquo;il a pay\u00e9s de sa vie, en l&rsquo;absence des chefs de la r\u00e9sistance\u00a0 exil\u00e9s par la France, Ferhat Hached a grandement\u00a0 m\u00e9rit\u00e9 de sa patrie. Mais on n&rsquo;a rien dit \u00e0 son propos, si on n&rsquo;a pas mentionn\u00e9 cette oeuvre attach\u00e9e \u00e0 son nom, l&rsquo;Union g\u00e9n\u00e9rale tunisienne du travail, (l&rsquo;Ugtt) le premier syndicat ouvrier autochtone en Afrique et dans le monde arabe. Il l&rsquo;a con\u00e7u, dorlot\u00e9, port\u00e9 sur les fonts baptismaux jusqu&rsquo;\u00e0 la derni\u00e8re minute.<\/p>\n<p>Mais ce n&rsquo;\u00e9tait pas son seul trait de g\u00e9nie. Tournant le dos \u00e0 l&rsquo;ouvri\u00e9risme primaire qui avait cours dans les ann\u00e9es 50, Hached s&rsquo;est fait entourer d&rsquo;intellectuels. Une v\u00e9ritable r\u00e9volution. Instinctivement, et sans avoir lu Gramsci et sa th\u00e9orie sur les intellectuels organiques, il avait compris que ces intellectuels \u00e9taient les mieux \u00e0 m\u00eame\u00a0de comprendre les ouvriers et de faire entendre leur voix tout en canalisant leurs \u00e9nergies.\u00a0<\/p>\n<p>Ferhat Hached avait pratiquement \u00e9cr\u00e9m\u00e9 la soci\u00e9t\u00e9 tunisienne. Avant de t\u00e2ter de la politique, Mahmoud Khiari, haut fonctionnaire international,\u00a0 Mustapha Filali, ministre dans le premier gouvernement de l&rsquo;nd\u00e9pendance, Ch\u00e9dli Klibi frais \u00e9moulu de la Sorbonne, Ahmed Ben Salah, professeur d&rsquo;arabe \u00e9taient des syndicalistes. Quant au cheikh Mohamed Fadhel Ben Achour que Bourguiba consid\u00e9rait alors comme la t\u00eate pensante des ul\u00e9mas de le grande Mosqu\u00e9e, Hached avait tenu \u00e0 ce qu&rsquo;il copr\u00e9side avec lui le congr\u00e8s constitutif de la centrale.\u00a0<\/p>\n<p>Bourguiba n&rsquo;en pensait pas moins. Dans ses M\u00e9moires parus r\u00e9cemment (1), Ta\u00efeb Baccouche, professeur universitaire, est revenu sur l&rsquo;audience que lui avait accord\u00e9e Bourguiba le 18 juin 1981, le jour m\u00eame de son \u00e9lection \u00e0 la t\u00eate de la centrale ouvri\u00e8re comme le voulait la tradition. \u00abEnfin, un secr\u00e9taire g\u00e9n\u00e9ral digne de l\u2019Ugtt\u00bb, s&rsquo;est exclam\u00e9 Bourguiba en le recevant. Il lui fera part de sa satifaction de voir un \u00abhomme cultiv\u00e9 \u00e0 la t\u00eate de l\u2019Ugtt. \u00ab\u00a0Il \u00e9tait temps d\u2019en finir avec des gens dont le\u00a0 seul bagage intellectuel se limitait au certificat d\u2019\u00e9tudes primaires, lui a-t-il lanc\u00e9.\u00a0\u00a0<\/p>\n<p>Malheureusement, leurs \u00e9pigones ne partagent pas ce point de vue. accroch\u00e9s qu&rsquo;ils sont \u00e0 leurs vieilles lunes, ils tiennent \u00e0 donner la pr\u00e9\u00e9minence \u00e0 la classe ouvri\u00e8re, \u00e0 telle enseigne qu&rsquo;il aura fallu des ann\u00e9es pour voir un intellectuel aux commandes de l&rsquo;Ugtt et refusent de\u00a0canaliser la verve revendicatrice de la base alors que le pays est \u00e0 vau-l&rsquo;eau. Cela\u00a0 proc\u00e8de de la conviction largement partag\u00e9e que la classe ouvri\u00e8re seule est \u00e0 m\u00eame de conna\u00eetre ses des int\u00e9r\u00eats alors que la r\u00e9alit\u00e9 est tout autre. N&rsquo;est-il pas grand temps d&rsquo;en finir avec cette image d&rsquo;Epinal d&rsquo;une classe ouvri\u00e8re id\u00e9alis\u00e9e, et qu&rsquo;il n&rsquo;est pas de bon ton de critiquer quoi qu&rsquo;elle fasse y compris la destruction de pans entiers de l&rsquo;\u00e9conomie.\u00a0\u00a0<\/p>\n<p>Parce qu&rsquo;elle est la premi\u00e8re force du pays,\u00a0 le seul contrepoids face \u00e0 une Ennahdha plus arrogante,\u00a0 un acteur incontournable de la sc\u00e8ne politique, \u00e9conomique et sociale tunisienne, l&rsquo;Ugtt est en train de c\u00e9der \u00e0 l&rsquo;ivresse du pouvoir.<\/p>\n<p>Disons-le sans ciconvolution. Montesquieu nous a pr\u00e9venu il y a deux si\u00e8cles : \u00abtout homme (ou organisation) qui a du pouvoir est port\u00e9(e) \u00e0 en abuser. Ce serait alors en toute beaut\u00e9 et en toute jeunesse la porte grande ouverte \u00e0 toutes les d\u00e9rives.\u00a0<\/p>\n<p class=\"c3\"><strong>H\u00e9di B\u00e9hi<\/strong><\/p>\n<p><span class=\"c5\"><em>(*) M\u00e9moires de Ta\u00efeb Baccouche : Le pr\u00e9sident Bourguiba tel que je l\u2019ai connu Edit.<\/em> <span class=\"c4\"><strong><em>Leaders<\/em><\/strong><\/span><\/span><\/p>\n<p>Auteur:<br \/>\n<a href=\"https:\/\/www.leaders.com.tn\/article\/31961-je-suis-votre-chef-donc-je-vous-suis\">Cliquez ici pour lire l&rsquo;article depuis sa source.<\/a><\/p>\n","protected":false},"excerpt":{"rendered":"<p>Par H\u00e9di B\u00e9hi. Pour avoir rendu d&rsquo;\u00e9minents services \u00e0 la cause nationale qu&rsquo;il a pay\u00e9s de sa vie, en l&rsquo;absence des chefs de la r\u00e9sistance\u00a0 exil\u00e9s par la France, Ferhat Hached a grandement\u00a0 m\u00e9rit\u00e9 de sa patrie. Mais on n&rsquo;a rien dit \u00e0 son propos, si on n&rsquo;a pas mentionn\u00e9 cette oeuvre attach\u00e9e \u00e0 son [&hellip;]<\/p>\n","protected":false},"author":1772,"featured_media":0,"comment_status":"closed","ping_status":"closed","sticky":false,"template":"","format":"standard","meta":{"fifu_image_url":"\/uploads\/FCK_files\/Hedi-Behi_0551(5).jpg","fifu_image_alt":"Je suis votre chef, donc je vous suis","footnotes":""},"categories":[73,55],"tags":[],"class_list":["post-118152","post","type-post","status-publish","format-standard","hentry","category-actualite","category-tunisie"],"_links":{"self":[{"href":"https:\/\/linitiative.ca\/International\/wp-json\/wp\/v2\/posts\/118152","targetHints":{"allow":["GET"]}}],"collection":[{"href":"https:\/\/linitiative.ca\/International\/wp-json\/wp\/v2\/posts"}],"about":[{"href":"https:\/\/linitiative.ca\/International\/wp-json\/wp\/v2\/types\/post"}],"author":[{"embeddable":true,"href":"https:\/\/linitiative.ca\/International\/wp-json\/wp\/v2\/users\/1772"}],"replies":[{"embeddable":true,"href":"https:\/\/linitiative.ca\/International\/wp-json\/wp\/v2\/comments?post=118152"}],"version-history":[{"count":0,"href":"https:\/\/linitiative.ca\/International\/wp-json\/wp\/v2\/posts\/118152\/revisions"}],"wp:attachment":[{"href":"https:\/\/linitiative.ca\/International\/wp-json\/wp\/v2\/media?parent=118152"}],"wp:term":[{"taxonomy":"category","embeddable":true,"href":"https:\/\/linitiative.ca\/International\/wp-json\/wp\/v2\/categories?post=118152"},{"taxonomy":"post_tag","embeddable":true,"href":"https:\/\/linitiative.ca\/International\/wp-json\/wp\/v2\/tags?post=118152"}],"curies":[{"name":"wp","href":"https:\/\/api.w.org\/{rel}","templated":true}]}}