{"id":118153,"date":"2021-06-07T07:24:00","date_gmt":"2021-06-07T11:24:00","guid":{"rendered":"https:\/\/linitiative.ca\/International\/the-summer-breeze-by-unik-chic-album-photos\/"},"modified":"2021-06-07T07:24:00","modified_gmt":"2021-06-07T11:24:00","slug":"the-summer-breeze-by-unik-chic-album-photos","status":"publish","type":"post","link":"https:\/\/linitiative.ca\/International\/the-summer-breeze-by-unik-chic-album-photos\/","title":{"rendered":"The Summer Breeze by Unik Chic (Album photos)"},"content":{"rendered":"<p>Quoi de plus embl\u00e9matique que la m\u00e9dina de Tunis pour faire honneur a\u0300 nos marques tunisiennes ?<\/p>\n<p>Du 17 au 20 juin, UNIK CHIC vous fera d\u00e9couvrir une s\u00e9lection des cr\u00e9ateurs les plus en vue du moment.<\/p>\n<p>Dar el Jeld H\u00f4tel and Spa et ses suites seront transform\u00e9s en une grande sc\u00e8ne de la mode pour vous pr\u00e9senter le meilleur des produits tunisiens.<\/p>\n<p>Une table ronde se tiendra \u00e9galement le 17 juin, ou\u0300 seront pr\u00e9sents les cr\u00e9ateurs et les diff\u00e9rents partenaires. Les th\u00e8mes tourneront autour de la magie du luxe, l\u2019art de la mode, et le savoir-faire entrepreneurial.<\/p>\n<p>Pour cl\u00f4turer cet \u00e9v\u00e9nement, vous serez emport\u00e9s par la bonne musique du rooftop de l\u2019h\u00f4tel dans une ambiance chaleureuse ou\u0300 vous \u00eatesinvit\u00e9s a\u0300 vous parer de vos tenues chics et d\u00e9contract\u00e9es.<\/p>\n<p>A noter que des mesures d\u2019hygi\u00e8nerenforc\u00e9es seront mises en \u0153uvre tout au long de l\u2019\u00e9v\u00e9nement.<\/p>\n<p>Portez vos masques et pratiquez la distanciation sociale\u00a0\u00a0\u00a0<br \/>\u00a0\u00a0 \u00a0<\/p>\n<p>Auteur:<br \/>\n<a href=\"https:\/\/www.leaders.com.tn\/article\/31993-the-summer-breeze-by-unik-chic\">Cliquez ici pour lire l&rsquo;article depuis sa source.<\/a><\/p>\n","protected":false},"excerpt":{"rendered":"<p>Quoi de plus embl\u00e9matique que la m\u00e9dina de Tunis pour faire honneur a\u0300 nos marques tunisiennes ? Du 17 au 20 juin, UNIK CHIC vous fera d\u00e9couvrir une s\u00e9lection des cr\u00e9ateurs les plus en vue du moment. Dar el Jeld H\u00f4tel and Spa et ses suites seront transform\u00e9s en une grande sc\u00e8ne de la mode [&hellip;]<\/p>\n","protected":false},"author":1772,"featured_media":0,"comment_status":"closed","ping_status":"closed","sticky":false,"template":"","format":"standard","meta":{"fifu_image_url":"","fifu_image_alt":"","footnotes":""},"categories":[73,55],"tags":[],"class_list":["post-118153","post","type-post","status-publish","format-standard","hentry","category-actualite","category-tunisie"],"_links":{"self":[{"href":"https:\/\/linitiative.ca\/International\/wp-json\/wp\/v2\/posts\/118153","targetHints":{"allow":["GET"]}}],"collection":[{"href":"https:\/\/linitiative.ca\/International\/wp-json\/wp\/v2\/posts"}],"about":[{"href":"https:\/\/linitiative.ca\/International\/wp-json\/wp\/v2\/types\/post"}],"author":[{"embeddable":true,"href":"https:\/\/linitiative.ca\/International\/wp-json\/wp\/v2\/users\/1772"}],"replies":[{"embeddable":true,"href":"https:\/\/linitiative.ca\/International\/wp-json\/wp\/v2\/comments?post=118153"}],"version-history":[{"count":0,"href":"https:\/\/linitiative.ca\/International\/wp-json\/wp\/v2\/posts\/118153\/revisions"}],"wp:attachment":[{"href":"https:\/\/linitiative.ca\/International\/wp-json\/wp\/v2\/media?parent=118153"}],"wp:term":[{"taxonomy":"category","embeddable":true,"href":"https:\/\/linitiative.ca\/International\/wp-json\/wp\/v2\/categories?post=118153"},{"taxonomy":"post_tag","embeddable":true,"href":"https:\/\/linitiative.ca\/International\/wp-json\/wp\/v2\/tags?post=118153"}],"curies":[{"name":"wp","href":"https:\/\/api.w.org\/{rel}","templated":true}]}}