{"id":118154,"date":"2021-06-07T11:24:00","date_gmt":"2021-06-07T15:24:00","guid":{"rendered":"https:\/\/linitiative.ca\/International\/amen-bank-ouverture-du-centre-daffaires-de-sfax\/"},"modified":"2021-06-07T11:24:00","modified_gmt":"2021-06-07T15:24:00","slug":"amen-bank-ouverture-du-centre-daffaires-de-sfax","status":"publish","type":"post","link":"https:\/\/linitiative.ca\/International\/amen-bank-ouverture-du-centre-daffaires-de-sfax\/","title":{"rendered":"Amen Bank- Ouverture du Centre d\u2019Affaires de Sfax"},"content":{"rendered":"<p>Dans le cadre de son projet de transformation \u00abNEXT\u00bb, bas\u00e9 sur la refonte du mod\u00e8le organisationnel\u00a0 et op\u00e9rationnel et en particulier sur la sp\u00e9cialisation de ses points de vente etapr\u00e8s avoir lanc\u00e9 son premier Centre d\u2019Affaires sis \u00e0 Mohamed V, en mars 2020, Amen Bank vient d\u2019ouvrir son deuxi\u00e8me Centre d\u2019Affaires, situ\u00e9 \u00e0 Sfax (10, rue Habib Thameur- 3000 Sfax),exprimant sa volont\u00e9 forte de prendre en charge le march\u00e9 des entreprises, par des structures sp\u00e9cialis\u00e9es.<\/p>\n<p>C\u2019est ainsi que le Centre d\u2019Affaires de Sfax, outre les travaux de r\u00e9am\u00e9nagement des espaces selon le mod\u00e8le propos\u00e9 par le cabinet International, Capgemini Invent (charg\u00e9 de la mise en \u0153uvre du projet de transformation \u00ab NEXT \u00bb), qui allient l\u2019expertise \u00e0 l\u2019esth\u00e9tique et au cadre raffin\u00e9, se d\u00e9marque par les changements majeurs suivants:<\/p>\n<p class=\"c3\"><span class=\"c2\"><strong>\u2022<\/strong><\/span> L\u2019organisation du Centre d\u2019Affaires avec une zone express qui comprend l\u2019espace transactionnel, l\u2019accueil et l\u2019espace libre-service dot\u00e9 d\u2019un automatemultifonctions.\u00a0 En outre, le Centre d\u2019Affaires est dot\u00e9 d\u2019un grand espace Conseil qui comprend les charg\u00e9s d\u2019affaires, les Experts m\u00e9tiers et la Direction du Centre, capables d\u2019offrir en tandem, un service exceptionnel \u00e0 notre client\u00e8le Corporate.<\/p>\n<p class=\"c3\"><span class=\"c2\"><strong>\u2022<\/strong><\/span> La mise en portefeuille de la client\u00e8le du Centre d\u2019Affaires selon le segment du client par charg\u00e9 d\u2019affaires.<\/p>\n<p class=\"c3\"><span class=\"c2\"><strong>\u2022<\/strong><\/span> Une cr\u00e9ation de valeurs, \u00e0 travers de nouveaux parcours clients, mettant en exergue les apports d\u2019Amen Bank pour chaque parcours et capitalisant sur les remont\u00e9es d\u2019informations.<\/p>\n<p class=\"c3\"><span class=\"c2\"><strong>\u2022<\/strong><\/span> La formation du personnel du Centre aux activit\u00e9s commerciales Corporate, pour servir la client\u00e8le dans les meilleures conditions.<\/p>\n<p class=\"c3\"><span class=\"c2\"><strong>\u2022<\/strong><\/span> La centralisation des op\u00e9rations de back-office au niveau du Centre de Services Partag\u00e9s en vue de permettre au Centre d\u2019Affaires de se consacrer pleinement \u00e0 l\u2019activit\u00e9 commerciale, au conseil et au d\u00e9veloppement du portefeuille.<\/p>\n<p>Face \u00e0 la crise sanitaire li\u00e9e \u00e0 la Covid-19, Amen Bank consolide l\u2019avancement de son projet de transformation \u00ab NEXT \u00bb etcontinue \u00e0 prendre toutes les mesures n\u00e9cessaires, afin d\u2019accompagner et de soutenir sa client\u00e8le entreprise, et notamment les professionnels et les PME fortementimpact\u00e9s par la crise, en leur proposant des solutions appropri\u00e9es, dans des d\u00e9lais convenables.<\/p>\n<p>Auteur:<br \/>\n<a href=\"https:\/\/www.leaders.com.tn\/article\/31995-amen-bank-ouverture-du-centre-d-affaires-de-sfax\">Cliquez ici pour lire l&rsquo;article depuis sa source.<\/a><\/p>\n","protected":false},"excerpt":{"rendered":"<p>Dans le cadre de son projet de transformation \u00abNEXT\u00bb, bas\u00e9 sur la refonte du mod\u00e8le organisationnel\u00a0 et op\u00e9rationnel et en particulier sur la sp\u00e9cialisation de ses points de vente etapr\u00e8s avoir lanc\u00e9 son premier Centre d\u2019Affaires sis \u00e0 Mohamed V, en mars 2020, Amen Bank vient d\u2019ouvrir son deuxi\u00e8me Centre d\u2019Affaires, situ\u00e9 \u00e0 Sfax (10, [&hellip;]<\/p>\n","protected":false},"author":1772,"featured_media":0,"comment_status":"closed","ping_status":"closed","sticky":false,"template":"","format":"standard","meta":{"fifu_image_url":"","fifu_image_alt":"","footnotes":""},"categories":[73,55],"tags":[],"class_list":["post-118154","post","type-post","status-publish","format-standard","hentry","category-actualite","category-tunisie"],"_links":{"self":[{"href":"https:\/\/linitiative.ca\/International\/wp-json\/wp\/v2\/posts\/118154","targetHints":{"allow":["GET"]}}],"collection":[{"href":"https:\/\/linitiative.ca\/International\/wp-json\/wp\/v2\/posts"}],"about":[{"href":"https:\/\/linitiative.ca\/International\/wp-json\/wp\/v2\/types\/post"}],"author":[{"embeddable":true,"href":"https:\/\/linitiative.ca\/International\/wp-json\/wp\/v2\/users\/1772"}],"replies":[{"embeddable":true,"href":"https:\/\/linitiative.ca\/International\/wp-json\/wp\/v2\/comments?post=118154"}],"version-history":[{"count":0,"href":"https:\/\/linitiative.ca\/International\/wp-json\/wp\/v2\/posts\/118154\/revisions"}],"wp:attachment":[{"href":"https:\/\/linitiative.ca\/International\/wp-json\/wp\/v2\/media?parent=118154"}],"wp:term":[{"taxonomy":"category","embeddable":true,"href":"https:\/\/linitiative.ca\/International\/wp-json\/wp\/v2\/categories?post=118154"},{"taxonomy":"post_tag","embeddable":true,"href":"https:\/\/linitiative.ca\/International\/wp-json\/wp\/v2\/tags?post=118154"}],"curies":[{"name":"wp","href":"https:\/\/api.w.org\/{rel}","templated":true}]}}