{"id":118155,"date":"2021-06-07T12:09:00","date_gmt":"2021-06-07T16:09:00","guid":{"rendered":"https:\/\/linitiative.ca\/International\/apres-la-4e-guerre-israelienne-contre-gaza-saura-t-on-eviter-la-5e\/"},"modified":"2021-06-07T12:09:00","modified_gmt":"2021-06-07T16:09:00","slug":"apres-la-4e-guerre-israelienne-contre-gaza-saura-t-on-eviter-la-5e","status":"publish","type":"post","link":"https:\/\/linitiative.ca\/International\/apres-la-4e-guerre-israelienne-contre-gaza-saura-t-on-eviter-la-5e\/","title":{"rendered":"Apr\u00e8s la 4e guerre isra\u00e9lienne contre Gaza, saura-t-on \u00e9viter la 5e ?"},"content":{"rendered":"<p class=\"c4\"><span class=\"c3\"><span class=\"c2\"><em><strong><img decoding=\"async\" src=\"\/uploads\/FCK_files\/Mohamed-brahim-Hsairi-14-09-15-(3).jpg\" alt=\"\" width=\"20%\" vspace=\"5\" hspace=\"5\" align=\"right\"\/>Par Mohamed Ibrahim Hsairi &#8211;<\/strong><\/em><\/span> <\/span><strong>Aussi bien du c\u00f4t\u00e9 palestinien que du c\u00f4t\u00e9 isra\u00e9lien, et bien entendu pour des consid\u00e9rations propres \u00e0 chacune des deux parties, l\u2019on s\u2019accorde \u00e0 dire que la quatri\u00e8me guerre qu\u2019Isra\u00ebl vient de mener contre la bande de Gaza, en l\u2019espace de moins de quinze ans, a chang\u00e9 la donne et que l\u2019\u00e9quation du conflit palestino-isra\u00e9lien n\u2019est, d\u00e9sormais, plus la m\u00eame.<\/strong><\/p>\n<p>Les indicateurs de ce changement sont nombreux. J\u2019en \u00e9num\u00e9rerai les suivants:<\/p>\n<p><span class=\"c3\"><strong>1\/<\/strong><\/span> Sur le plan palestinien, pour la premi\u00e8re fois, le Hamas et le Jihad ont surpris par l\u2019intensit\u00e9 et l\u2019envergure g\u00e9ographique in\u00e9gal\u00e9es de leurs tirs de roquettes contre Isra\u00ebl (plus de 4 300 projectiles en douze jours dont au moins dix pour cent n\u2019ont pas \u00e9t\u00e9 intercept\u00e9s par le bouclier antimissile isra\u00e9lien).<\/p>\n<p><span class=\"c3\"><strong>2\/<\/strong><\/span> La solidarit\u00e9 des habitants de la bande de Gaza, bien qu\u2019ils soient soumis \u00e0 un blocus impitoyable et inhumain depuis presque 15 ans, avec leurs fr\u00e8res bless\u00e9s lors d\u2019affrontements avec la police isra\u00e9lienne sur l\u2019esplanade des Mosqu\u00e9es de J\u00e9rusalem-Est, a r\u00e9veill\u00e9 l\u2019ensemble du peuple palestinien en Cisjordanie et en Isra\u00ebl m\u00eame, o\u00f9 Juifs et Arabes cohabitaient dans certaines localit\u00e9s depuis la Nakba.<\/p>\n<p>Pour certains analystes, c\u2019est l\u00e0 une v\u00e9ritable reconstitution du corps national palestinien. Et c\u2019est pourquoi le Hamas a raison d\u2019affirmer que \u00abce qui se passera apr\u00e8s la bataille de \u00abl\u2019\u00e9p\u00e9e de J\u00e9rusalem\u00bb ne ressemblera pas \u00e0 ce qui s\u2019est pass\u00e9 avant, car le peuple palestinien qui a soutenu la r\u00e9sistance sait que c\u2019est seulement la r\u00e9sistance qui lib\u00e9rera sa terre et prot\u00e8gera ses lieux saints \u00bb.<\/p>\n<p class=\"c5\"><img decoding=\"async\" src=\"\/uploads\/FCK_files\/6od36th3.jpg\" width=\"100%\" vspace=\"5\" hspace=\"5\" align=\"middle\" alt=\"\"\/><\/p>\n<p><span class=\"c3\"><strong>3\/<\/strong><\/span> Outre que la r\u00e9sistance a r\u00e9ussi \u00e0 replacer le conflit palestino-isra\u00e9lien au c\u0153ur de l\u2019actualit\u00e9, elle a mis \u00e0 nu, encore une fois mais plus fortement cette fois-ci, le caract\u00e8re marginal de l\u2019Autorit\u00e9 nationale palestinienne qui a brill\u00e9 par son absence, son inertie et son impuissance tout au long des 12 jours d\u2019affrontements. Ceci ne manquera pas de donner le coup de gr\u00e2ce \u00e0 sa repr\u00e9sentativit\u00e9 et \u00e0 sa l\u00e9gitimit\u00e9 d\u2019autant plus qu\u2019elle s\u2019oppose \u00e0 l\u2019organisation des \u00e9lections depuis 2006.<\/p>\n<p>En outre, et sur le plan arabe, elle a d\u00e9masqu\u00e9 l\u2019absurdit\u00e9 de la normalisation de certains pays arabes de leurs relations avec Isra\u00ebl \u00e0 un moment o\u00f9 son arrogance a d\u00e9pass\u00e9 toutes les limites.<\/p>\n<p><span class=\"c3\"><strong>4\/<\/strong><\/span> Sur le plan isra\u00e9lien, elle a montr\u00e9 que la politique suivie par Benjamin Netanyahou en alliance avec les partis ultranationalistes et religieux, d\u00e9fendant le projet du Grand Isra\u00ebl et une colonisation \u00e0 outrance, n\u2019a pas pu venir \u00e0 bout de la r\u00e9sistance palestinienne, et ne m\u00e8ne, en fait, qu\u2019\u00e0 l\u2019\u00e9chec et \u00e0 la violence, car les humiliations et les spoliations ne font qu\u2019exasp\u00e9rer, jour apr\u00e8s jour, l\u2019amertume et la col\u00e8re des Palestiniens.<\/p>\n<p>D\u2019autre part, la fracture qui est apparue dans la soci\u00e9t\u00e9 isra\u00e9lienne lors des derniers affrontements est susceptible de s\u2019aggraver dans les ann\u00e9es \u00e0 venir, surtout qu\u2019Isra\u00ebl risque, de plus en plus, d\u2019aller \u00e0 la d\u00e9rive d\u2019un r\u00e9gime totalitaire, \u00e0 la fois th\u00e9ocratique et militaire.<\/p>\n<p><span class=\"c3\"><strong>5\/<\/strong><\/span> Sur le plan international, la politique, pour le moins immorale, de Donald Trump qui a donn\u00e9 le feu vert \u00e0 Isra\u00ebl et \u00e0 ses exactions, a fini par porter ses \u00abfruits amers\u00bb. Mais ce qui est malheureux, c\u2019est que son successeur Joe Biden n\u2019a pas saisi cette r\u00e9alit\u00e9 et il ne cesse de crier haut et fort qu\u2019il apportera son \u00ab soutien ind\u00e9fectible \u00e0 la s\u00e9curit\u00e9 d\u2019Isra\u00ebl et au droit l\u00e9gitime d\u2019Isra\u00ebl \u00e0 se d\u00e9fendre\u00bb.<\/p>\n<p><span class=\"c3\"><strong>6\/<\/strong><\/span> D\u2019une mani\u00e8re g\u00e9n\u00e9rale, les Etats-Unis et les pays europ\u00e9ens, tout en s\u2019empressant de condamner la r\u00e9sistance palestinienne, se sont comport\u00e9s avec une mollesse d\u00e9concertante \u00e0 l\u2019\u00e9gard de l\u2019agression isra\u00e9lienne et semblent, en m\u00eame temps, avoir renonc\u00e9 depuis longtemps \u00e0 contraindre Isra\u00ebl au simple respect du droit international, sans parler des droits inali\u00e9nables des Palestiniens, y compris sur J\u00e9rusalem-Est.<\/p>\n<p><span class=\"c3\"><strong>7\/<\/strong><\/span>Plus d\u00e9concertante est l\u2019attitude de certains pays europ\u00e9ens et notamment celle de la France et de l\u2019Allemagne qui ont purement et simplement interdit les manifestations de soutien aux Palestiniens, et prohib\u00e9 toute expression critique \u00e0 l\u2019\u00e9gard d\u2019Isra\u00ebl, confisquant ainsi \u00e0 leurs citoyens le droit de s\u2019exprimer, de d\u00e9noncer les agissements inhumains de l\u2019occupant isra\u00e9lien, ou d\u2019afficher leur soutien \u00e0 la juste cause palestinienne.<\/p>\n<p>D\u00e9sormais, toute personne qui manifeste son soutien au peuple palestinien est syst\u00e9matiquement accus\u00e9e d\u2019\u00eatre un \u00abantis\u00e9mite\u00bb, ou un \u00abislamo-extr\u00e9miste\u00bb ou m\u00eame un \u00abcomplice des terroristes\u00bb.<\/p>\n<p><span class=\"c3\"><strong>8\/<\/strong><\/span> Pire encore, ces mesures de censure ont co\u00efncid\u00e9, d\u2019une part, avec les restrictions d\u00e9cid\u00e9es par les r\u00e9seaux sociaux qui sont devenus une principale source d\u2019informations et sont capables de mobiliser des communaut\u00e9s enti\u00e8res, afin d\u2019emp\u00eacher la diffusion et le partage des vid\u00e9os et photos qui d\u00e9noncent les crimes isra\u00e9liens, et d\u2019autre part avec la frappe de l\u2019immeuble des m\u00e9dias qui abritait les bureaux de l\u2019Associated Press et d\u2019Al-Jazeera.<\/p>\n<p>Cette frappe, qui t\u00e9moigne de la volont\u00e9 d\u2019Isra\u00ebl d\u2019emp\u00eacher la couverture des atrocit\u00e9s commises par son arm\u00e9e, n\u2019a cependant suscit\u00e9 que quelques \u00e9ph\u00e9m\u00e8res expressions de pr\u00e9occupation et d\u2019inqui\u00e9tude, et quelques timides appels au respect du droit \u00e0 l\u2019information non pas par Isra\u00ebl mais par \u00abtoutes les parties en conflit\u00bb, ce qui prouve,\u00a0 encore une fois, qu\u2019Isra\u00ebl demeure au-dessus de la loi et continue \u00e0 jouir d\u2019une impunit\u00e9 totale malgr\u00e9 tous les crimes qu\u2019elle ne cesse de commettre\u2026<\/p>\n<p><span class=\"c3\"><strong>9\/<\/strong><\/span> Quant \u00e0 la Chine, elle a saisi l\u2019occasion de la nouvelle guerre sur Gaza pour \u00e9pingler le comportement des \u00c9tats-Unis qui a \u00e9t\u00e9 \u00e0 l\u2019origine du blocage du Conseil de s\u00e9curit\u00e9, pour stigmatiser la politique am\u00e9ricaine de deux poids deux mesures et des droits de l\u2019homme \u00e0 g\u00e9om\u00e9trie variable, et pour inviter Washington, qui ne cesse de se soucier du sort des minorit\u00e9s musulmanes de l\u2019Ouest chinois, \u00e0 s\u2019int\u00e9resser aux souffrances des Palestiniens qui sont aussi musulmans que les Ou\u00efghours.<\/p>\n<p>En somme, pour la Chine, \u00ables Etats-Unis sont \u00e0 l\u2019\u00e9cart du jeu multilat\u00e9ral, se d\u00e9robent \u00e0 assumer leur responsabilit\u00e9 de grande puissance, et continuent de se tenir du c\u00f4t\u00e9 oppos\u00e9 de la communaut\u00e9 internationale\u00bb.<\/p>\n<p><span class=\"c3\"><strong>10\/<\/strong><\/span> Pour sa part, l\u2019Organisation des Nations unies, depuis longtemps impuissante et divis\u00e9e sur la question palestinienne, s\u2019est limit\u00e9e \u00e0 quelques appels \u00e0 l\u2019apaisement, mais en vain.<\/p>\n<p>Bien que ces indicateurs soient disparates et divergents, il ne serait pas erron\u00e9, \u00e0 mon avis, d\u2019avancer que, dans leur globalit\u00e9, ils marqueraient un point de rupture qui a fait dire au pr\u00e9sident Joe Biden que l\u2019accord de cessez-le-feu entr\u00e9 en vigueur le vendredi 21 mai 2021 constitue \u00abune vraie opportunit\u00e9 d\u2019avancer vers la paix entre Isra\u00e9liens et Palestiniens \u00bb.<\/p>\n<p>Toutefois, cette d\u00e9claration, toute optimiste qu\u2019elle est, a \u00e9t\u00e9 assortie de l\u2019affirmation, encore une fois, qu\u2019Isra\u00ebl a droit \u00e0 l\u2019autod\u00e9fense et que les Etats-Unis r\u00e9approvisionneront le syst\u00e8me de d\u00e9fense antimissile isra\u00e9lien.<\/p>\n<p>En contrepartie, il a, certes, promis d\u2019apporter une aide humanitaire et une aide \u00e0 la reconstruction \u00e0 Gaza. Mais aucun mot en ce qui concerne la lev\u00e9e du blocus qui dure depuis une quinzaine d\u2019ann\u00e9es, et surtout aucun mot en ce qui concerne les causes profondes tant de la derni\u00e8re escalade que du conflit palestino-isra\u00e9lien plus g\u00e9n\u00e9ralement.<\/p>\n<p>En outre, le pr\u00e9sident Joe Biden a bien pr\u00e9cis\u00e9 que l\u2019aide \u00e0 la reconstruction de Gaza serait fournie en partenariat avec l\u2019Autorit\u00e9 nationale palestinienne et non pas avec le Hamas, que les \u00c9tats-Unis consid\u00e8rent comme une organisation terroriste.<\/p>\n<p>Or cet engagement qui rel\u00e8ve de la gageure en raison des mauvaises relations entre le Hamas et l\u2019ANP, qui est absente de la Bande de Gaza, veut dire que les \u00c9tats-Unis cherchent \u00e0 maintenir et m\u00eame \u00e0 exacerber la division des Palestiniens.<\/p>\n<p>Sur un autre plan, il faut noter que les membres du Conseil de s\u00e9curit\u00e9 n\u2019ont pas pu sortir une d\u00e9claration qui salue l\u2019annonce du cessez-le-feu qu\u2019apr\u00e8s le retrait d\u2019un paragraphe sur la condamnation des violences, exig\u00e9 par les Etats-Unis qui, rappelle-t-on, avait d\u00e9j\u00e0 rejet\u00e9 trois projets de d\u00e9claration, ainsi qu\u2019un projet de r\u00e9solution fran\u00e7ais appelant \u00e0 \u00abune cessation imm\u00e9diate des hostilit\u00e9s\u00bb et \u00e0 \u00abla fourniture et \u00e0 la distribution sans entraves d\u2019une aide humanitaire dans tout Gaza\u00bb.<\/p>\n<p>D\u2019autre part, lorsqu\u2019il a \u00e9t\u00e9 interpell\u00e9 sur sa position d\u00e9fendant le droit d\u2019Isra\u00ebl \u00e0 l\u2019autod\u00e9fense et omettant de s\u2019exprimer contre la r\u00e9ponse disproportionn\u00e9e du Premier ministre isra\u00e9lien Benjamin Netanyahu aux attaques \u00e0 la roquette du Hamas,\u00a0 il a d\u00e9fendu son approche de la gestion de la crise et a fait la sourde oreille m\u00eame aux critiques venant de son propre parti. Convaincu qu\u2019il dit l\u2019\u00eatre que \u00ables Palestiniens et les Isra\u00e9liens m\u00e9ritent tout autant de vivre en s\u00e9curit\u00e9 et de jouir d\u2019un m\u00eame niveau de libert\u00e9, de prosp\u00e9rit\u00e9 et de d\u00e9mocratie\u00bb, l\u2019on se demande comment envisage-t-il d\u2019atteindre cet objectif avec ses positions totalement d\u00e9s\u00e9quilibr\u00e9es et fonci\u00e8rement pro-isra\u00e9liennes. Il est vrai qu\u2019il a affirm\u00e9 que \u00abson administration poursuivra sa diplomatie discr\u00e8te et infatigable pour aller vers cet objectif, et qu\u2019il s\u2019engage \u00e0 travailler en cette direction\u00bb, mais ira-t-il jusqu\u2019\u00e0 souscrire aux objectifs bien pr\u00e9cis avanc\u00e9s par le secr\u00e9taire g\u00e9n\u00e9ral de l\u2019ONU, Antonio Guterres, dans l\u2019appel qu\u2019il a lanc\u00e9 \u00e0 la communaut\u00e9 internationale et o\u00f9 il a affirm\u00e9 qu\u2019il est urgent de r\u00e9tablir le calme, et il est important de parvenir, ensuite, \u00e0 une paix compl\u00e8te bas\u00e9e sur la conception d\u2019une r\u00e9gion o\u00f9 deux Etats d\u00e9mocratiques, Isra\u00ebl et la Palestine, vivent c\u00f4te \u00e0 c\u00f4te, en paix avec des fronti\u00e8res s\u00fbres et reconnues?<\/p>\n<p>Il est, peut-\u00eatre, pr\u00e9matur\u00e9 de r\u00e9pondre \u00e0 cette question, mais on peut, d\u2019ores et d\u00e9j\u00e0, affirmer que si le pr\u00e9sident Joe Biden s\u2019abstient de le faire, il condamnerait ce qu\u2019il a appel\u00e9 \u00abune vraie opportunit\u00e9 de faire des progr\u00e8s\u00bb \u00e0 l\u2019\u00e9chec.<\/p>\n<p>En tous les cas et pour \u00e9viter une cinqui\u00e8me guerre isra\u00e9lienne contre Gaza, le pr\u00e9sident Joe Biden et les Etats-Unis auront besoin de comprendre que malgr\u00e9 l\u2019actuel cessez-le-feu, le feu continue \u00e0 couver dans la r\u00e9gion qui ne sera pas \u00e0 l\u2019abri d\u2019une nouvelle escalade, et qui risque de s\u2019embraser de nouveau, t\u00f4t ou tard,\u00e0 moins que l\u2019on s\u2019attelle sinc\u00e8rement et s\u00e9rieusement \u00e0 traiter les vraies causes de la cause palestinienne.<\/p>\n<p class=\"c6\"><strong>Mohamed Ibrahim Hsairi<\/strong><\/p>\n<p class=\"c7\"><strong>Lire aussi<\/strong><\/p>\n<p class=\"c7\"><a href=\"https:\/\/www.leaders.com.tn\/article\/31985-abdelaziz-kacem-hamas-en-hausse-abbas-en-baisse\" target=\"_blank\" rel=\"noopener\">Abdelaziz Kacem: Hamas en hausse, Abbas en baisse<\/a><\/p>\n<p>Auteur:<br \/>\n<a href=\"https:\/\/www.leaders.com.tn\/article\/31996-apres-la-4e-guerre-israelienne-contre-gaza-saura-t-on-eviter-la-5e\">Cliquez ici pour lire l&rsquo;article depuis sa source.<\/a><\/p>\n","protected":false},"excerpt":{"rendered":"<p>Par Mohamed Ibrahim Hsairi &#8211; Aussi bien du c\u00f4t\u00e9 palestinien que du c\u00f4t\u00e9 isra\u00e9lien, et bien entendu pour des consid\u00e9rations propres \u00e0 chacune des deux parties, l\u2019on s\u2019accorde \u00e0 dire que la quatri\u00e8me guerre qu\u2019Isra\u00ebl vient de mener contre la bande de Gaza, en l\u2019espace de moins de quinze ans, a chang\u00e9 la donne et [&hellip;]<\/p>\n","protected":false},"author":1772,"featured_media":0,"comment_status":"closed","ping_status":"closed","sticky":false,"template":"","format":"standard","meta":{"fifu_image_url":"\/uploads\/FCK_files\/Mohamed-brahim-Hsairi-14-09-15-(3).jpg","fifu_image_alt":"Apr\u00e8s la 4e guerre isra\u00e9lienne contre Gaza, saura-t-on \u00e9viter la 5e ?","footnotes":""},"categories":[73,55],"tags":[],"class_list":["post-118155","post","type-post","status-publish","format-standard","hentry","category-actualite","category-tunisie"],"_links":{"self":[{"href":"https:\/\/linitiative.ca\/International\/wp-json\/wp\/v2\/posts\/118155","targetHints":{"allow":["GET"]}}],"collection":[{"href":"https:\/\/linitiative.ca\/International\/wp-json\/wp\/v2\/posts"}],"about":[{"href":"https:\/\/linitiative.ca\/International\/wp-json\/wp\/v2\/types\/post"}],"author":[{"embeddable":true,"href":"https:\/\/linitiative.ca\/International\/wp-json\/wp\/v2\/users\/1772"}],"replies":[{"embeddable":true,"href":"https:\/\/linitiative.ca\/International\/wp-json\/wp\/v2\/comments?post=118155"}],"version-history":[{"count":0,"href":"https:\/\/linitiative.ca\/International\/wp-json\/wp\/v2\/posts\/118155\/revisions"}],"wp:attachment":[{"href":"https:\/\/linitiative.ca\/International\/wp-json\/wp\/v2\/media?parent=118155"}],"wp:term":[{"taxonomy":"category","embeddable":true,"href":"https:\/\/linitiative.ca\/International\/wp-json\/wp\/v2\/categories?post=118155"},{"taxonomy":"post_tag","embeddable":true,"href":"https:\/\/linitiative.ca\/International\/wp-json\/wp\/v2\/tags?post=118155"}],"curies":[{"name":"wp","href":"https:\/\/api.w.org\/{rel}","templated":true}]}}