{"id":118156,"date":"2021-06-07T12:51:00","date_gmt":"2021-06-07T16:51:00","guid":{"rendered":"https:\/\/linitiative.ca\/International\/lenvironnement-dernier-souci-des-tunisiens\/"},"modified":"2021-06-07T12:51:00","modified_gmt":"2021-06-07T16:51:00","slug":"lenvironnement-dernier-souci-des-tunisiens","status":"publish","type":"post","link":"https:\/\/linitiative.ca\/International\/lenvironnement-dernier-souci-des-tunisiens\/","title":{"rendered":"L\u2019environnement, dernier souci des Tunisiens ?"},"content":{"rendered":"<p><span class=\"c2\"><em><strong><img decoding=\"async\" src=\"\/uploads\/FCK_files\/Mohamed-Larbi-Bouguerra(48).jpg\" width=\"20%\" vspace=\"5\" hspace=\"5\" align=\"left\" alt=\"\"\/>Par Mohamed Larbi Bouguerra &#8211;<\/strong><\/em><\/span> Les Tunisiennes et les Tunisiens sont, \u00e0 juste titre, pr\u00e9occup\u00e9s \u00e0 l\u2019heure actuelle par la hausse des prix, la Covid-19, les passes d\u2019armes entre la Kasba, le Bardo et Carthage, les gesticulations d\u2019Abir Moussi et les silences de sphinx de Rach\u00e8d Ghannouchi. Economistes et constitutionnalistes \u00e9tourdissent le pays de d\u00e9clarations alarmistes, de chiffres et de projections effrayants, eux qui n\u2019ont, pour la plupart, rien vu venir.<\/p>\n<p>Manque au tableau les questions environnementales qui sont, on en convient, \u00e9minemment politiques en ce qu\u2019elles font se confronter des int\u00e9r\u00eats \u00e9conomiques et sociaux parfois oppos\u00e9s.<\/p>\n<p>Mais les faits sont t\u00eatus et ces questions br\u00fblantes que l\u2019on essaie, comme l\u2019autruche, de cacher sous le tapis, ne sauraient dispara\u00eetre comme par magie.<\/p>\n<p>La t\u00e9l\u00e9vision nationale en a donn\u00e9, samedi 5 juin 2021- Journ\u00e9e Mondiale de l\u2019Environnement- un exemple saisissant.<\/p>\n<p><span class=\"c3\"><strong>Pourquoi nos r\u00e9coltes sont-elles menac\u00e9es?<\/strong><\/span><\/p>\n<p>Les c\u00e9r\u00e9aliculteurs de la r\u00e9gion de B\u00e9ja, sur le point de commencer la moisson, craignent au plus haut point les incendies de leurs r\u00e9coltes. Ce qui menace leur fameux bl\u00e9-qui nourrissait la Rome antique- ce n\u2019est ni la foudre ni l\u2019\u00e9tincelle d\u2019un pot d\u2019\u00e9chappement ni le m\u00e9got d\u2019un fumeur n\u00e9gligent mais les d\u00e9charges sauvages qui sont devenues la marque hideuse, le chancre purulent de la Tunisie d\u2019aujourd\u2019hui dans l\u2019indiff\u00e9rence quasi g\u00e9n\u00e9rale.<\/p>\n<p>Ces d\u00e9charges fleurissent partout dans le pays, telles des fleurs v\u00e9n\u00e9neuses; des bords du lac Ischkeul jusqu\u2019aux oliveraies du Cha\u00e2l \u00e0 Sfax et \u00e0 Mahar\u00e8s pour atteindre l\u2019\u00eele des Lotophages et les oasis, de Gafsa \u00e0 Tozeur, en passant par Degache et K\u00e9bili.<\/p>\n<p>En se d\u00e9barrassant sans pr\u00e9caution aucune de ses d\u00e9chets- \u00e9clats de verre, produits toxiques et inflammables, sacs et divers objets en plastique, r\u00e9sidus m\u00e9dicaux- le Tunisien risque d\u2019allumer la m\u00e8che qui va transformer en fum\u00e9e son pain quotidien et r\u00e9duire \u00e0 n\u00e9ant le travail des agriculteurs. Il se met \u00e0 l\u2019abri de son petit doigt en bannissant de ses yeux sa poubelle mais la Nature vient lui rappeler les connexions et les interrelations fortes qu\u2019il y a entre ses gestes et son environnement. Ces poubelles dont on croit s\u2019\u00eatre d\u00e9barrass\u00e9 lui reviennent en boomerang \u00e0 la figure en causant des d\u00e9g\u00e2ts et des catastrophes qu\u2019il n\u2019a gu\u00e8re anticip\u00e9s car comme le disait, il y a des si\u00e8cles, Tarfa Ibn Al Abd, \u00abLe temps se chargera de t\u2019apporter ce que tu ignores.\u00bb<\/p>\n<p>Est-il \u00e9tonnant alors que des margoulins sans foi ni loi prennent la Verte Tunisie pour la poubelle de l\u2019Italie et d\u00e9barquent, au su et au vu des autorit\u00e9s portuaires de Sousse, de notre police de l\u2019environnement plus de deux cents containers de d\u00e9chets (m\u00e9nagers, industriels, m\u00e9dicaux, radioactifs ?) provenant de la Botte?<\/p>\n<p>Le Tunisien n\u2019est pas seul \u00e0 d\u00e9figurer ainsi le pays. Des industriels peu scrupuleux et des entreprises de b\u00e2timent contribuent, eux aussi, \u00e0 ces crimes contre la Nature et l\u2019environnement national.<br \/>Nos politiciens et nos partis aussi ont des responsabilit\u00e9s dans ces comportements. Qui a oubli\u00e9 que M. Ghannouchi promettait lawifi aux municipalit\u00e9s qui donneraient leurs suffrages \u00e0 Ennahda alors que les probl\u00e8mes de propret\u00e9 crevaient les yeux 0 Ben Arous et ailleurs? \u00ab L\u2019islam est propret\u00e9 et la salet\u00e9 est un attribut du diable \u00bb calligraphiaient les gosses du temps de ma lointaine jeunesse. Ce hadith est-il consid\u00e9r\u00e9 comme \u00ab faible \u00bb par M. Ghannouchi et son parti aujourd\u2019hui ?<\/p>\n<p>Quand le Tunisien, ses responsables, ses \u00e9minents \u00e9conomistes et ses fameux\u00a0 juristescomprendront-ils enfin que ces d\u00e9charges sauvages que l\u2019on retrouve partout dans le pays sont des bombes \u00e0 retardement et qu\u2019il faut mobiliser toutes les \u00e9nergies pour les \u00e9liminer et se doter de d\u00e9charges selon les r\u00e8gles de l\u2019art?<\/p>\n<p>Quand l\u2019Etat et sa police de l\u2019environnement se d\u00e9cideront-ils enfin \u00e0 \u00e9liminer les sacs en plastique ? Ces sacs ont disparu par exemple en France, car l\u2019Etat l\u2019a exig\u00e9. Chez nous, leur mort souvent annonc\u00e9e bute sur des int\u00e9r\u00eats particuliers. Pourtant, les derniers travaux scientifiques montrent que le plastique risque de rendre inhabitable cette plan\u00e8te en se fragmentant dans la Nature: les particules de plastique menacent aujourd\u2019hui la vie dans son ensemble comme le prouvent les travaux publi\u00e9s en mai dernier par l\u2019\u00e9quipe du Pr Hans Peter Arp (Norv\u00e8ge) et ses coll\u00e8gues belges, su\u00e9dois allemands.\u00a0<\/p>\n<p>Les projections annoncent une production annuelle de 3,4 milliards de tonnes dans les 30 prochaines ann\u00e9es et qu\u2019une grande partie de ces plastiques finiront dans les oc\u00e9ans. Aujourd\u2019hui, la mer rejette dans les airs plus de plastique qu\u2019elle n\u2019en re\u00e7oit et ainsi, quand on respire les embruns au bord de la mer, ce sont en r\u00e9alit\u00e9 des centaines de microparticules de plastique qui viennent se loger dans nos poumons.<\/p>\n<p><span class=\"c3\"><strong>Il y a bien d\u2019autres menaces: Pesticides, rage\u2026.!<\/strong><\/span><\/p>\n<p>On a d\u00e9couvert, une fois de plus, des foyers de rage dans le pays du fait des chiens errants ou non vaccin\u00e9s. Un citoyen de 76 ans est m\u00eame mort \u00e0 Sfax r\u00e9cemment mordu par son chien- non vaccin\u00e9 apparemment. La situation est grave aux dires des services v\u00e9t\u00e9rinaires. L\u00e0 encore, les municipalit\u00e9s et les autorit\u00e9s \u00e9chouent depuis belle lurette \u00e0 nous d\u00e9barrasser de cette zoonose d\u2019un autre \u00e2ge. Ces chiens, dans les campagnes,\u00a0 interdisent la route des \u00e9l\u00e8ves allant \u00e0 l\u2019\u00e9cole. St\u00e9riliser ou \u00e9liminer ces animaux semble \u00eatre au-dessus des forces du pays. Et c\u2019est ainsi que des citoyens, des v\u00e9t\u00e9rinaires et des soignants se trouvent expos\u00e9s \u00e0 la rage, \u00e9limin\u00e9e dans la plupart des pays d\u00e9velopp\u00e9s dans le monde.<\/p>\n<p>Avec l\u2019arriv\u00e9e de l\u2019\u00e9t\u00e9 et de ses chaleurs, on reparle des traitements insecticides contre les moustiques. Poisons toxiques et souvent canc\u00e9rog\u00e8nes, mutag\u00e8nes, reprotoxiques et perturbateurs endocriniens, les pesticides sont souvent d\u00e9sign\u00e9s par le terme \u00ab dawa \u00bb chez nous, pour faire avaler la pilule am\u00e8re aux gens probablement ? Des produits interdits dans le pays de fabrication sont vendus chez nous comme des petits pains, avec l\u2019accord du Minist\u00e8re de l\u2019Agriculture. On pousse l\u2019inconscience jusqu\u2019\u00e0 les r\u00e9pandre, en zone urbaine, par avion- qui parfois chute comme \u00e0 la Soukra,\u00a0 le 11 novembre 2019,\u00a0 avec mort du pilote- technique interdite dans de nombreux pays tant en ville qu\u2019\u00e0 la campagne, mais pas chez nous ! Une directive de l\u2019UnionEurop\u00e9enne interdit l\u2019\u00e9pandage a\u00e9rien de pesticides depuis 2010. Ces poisons \u2013 dispens\u00e9s par voie a\u00e9rienne, vont se retrouver dans l\u2019eau, dans l\u2019air et dans nos corps. De plus, ils augmentent la r\u00e9sistance des moustiques. R\u00e9pandre les pesticides n\u2019est profitable qu\u2019aux lobbys et aux propri\u00e9taires des avions mais dangereux pour la sant\u00e9 de tous Tunisiens et de leur environnement.\u00a0 Il faut donc \u00e9liminer les g\u00eetes des moustiques, l\u00e0 o\u00f9 se d\u00e9veloppent leurs larves : les flaques, les oueds et les canaux non ou mal entretenus\u2026. Si on veut vraiment se d\u00e9barrasser des insectes dont il faut prot\u00e9ger les pr\u00e9dateurs comme les oiseaux et les batraciens.<\/p>\n<p>A l\u2019occasion de la Journ\u00e9e Mondiale de l\u2019Environnement, le 5 juin 2021, une centaine de magistrats fran\u00e7ais ont d\u00e9cid\u00e9 de lancer une association sp\u00e9cialis\u00e9e dans le droit de l\u2019environnement. Son but est de : \u00ab permettre la diffusion de la connaissance du droit de l\u2019environnement dans la profession. \u00bb Leur d\u00e9marche trouve ses origines dans l\u2019incendie de l\u2019usine Lubrizol \u00e0 Rouen,\u00a0 le 26 septembre 2019. En Espagne, existe un parquet national pour l\u2019environnement.<\/p>\n<p>L\u2019incendie du r\u00e9servoir priv\u00e9 d\u2019asphalte dans la r\u00e9gion de Gab\u00e8s, en mars dernier , avec cinq d\u00e9c\u00e8s, pourrait-il inciter nos juges \u00e0 suivre l\u2019exemple de leurs confr\u00e8res fran\u00e7ais et espagnols?<\/p>\n<p>Nul, dans notre pays, ne peut se permettre d\u2019ignorer les questions d\u2019environnement car elles conditionnent nos vies et celles de nos descendants. En d\u00e9pit de la gravit\u00e9 d\u2019autres th\u00e9matiques qui accablent aujourd\u2019hui nos concitoyens!<\/p>\n<p class=\"c4\"><strong>Mohamed Larbi Bouguerra<\/strong><\/p>\n<p>Auteur:<br \/>\n<a href=\"https:\/\/www.leaders.com.tn\/article\/31997-l-environnement-dernier-souci-des-tunisiens\">Cliquez ici pour lire l&rsquo;article depuis sa source.<\/a><\/p>\n","protected":false},"excerpt":{"rendered":"<p>Par Mohamed Larbi Bouguerra &#8211; Les Tunisiennes et les Tunisiens sont, \u00e0 juste titre, pr\u00e9occup\u00e9s \u00e0 l\u2019heure actuelle par la hausse des prix, la Covid-19, les passes d\u2019armes entre la Kasba, le Bardo et Carthage, les gesticulations d\u2019Abir Moussi et les silences de sphinx de Rach\u00e8d Ghannouchi. Economistes et constitutionnalistes \u00e9tourdissent le pays de d\u00e9clarations [&hellip;]<\/p>\n","protected":false},"author":1772,"featured_media":0,"comment_status":"closed","ping_status":"closed","sticky":false,"template":"","format":"standard","meta":{"fifu_image_url":"\/uploads\/FCK_files\/Mohamed-Larbi-Bouguerra(48).jpg","fifu_image_alt":"L\u2019environnement, dernier souci des Tunisiens ?","footnotes":""},"categories":[73,55],"tags":[],"class_list":["post-118156","post","type-post","status-publish","format-standard","hentry","category-actualite","category-tunisie"],"_links":{"self":[{"href":"https:\/\/linitiative.ca\/International\/wp-json\/wp\/v2\/posts\/118156","targetHints":{"allow":["GET"]}}],"collection":[{"href":"https:\/\/linitiative.ca\/International\/wp-json\/wp\/v2\/posts"}],"about":[{"href":"https:\/\/linitiative.ca\/International\/wp-json\/wp\/v2\/types\/post"}],"author":[{"embeddable":true,"href":"https:\/\/linitiative.ca\/International\/wp-json\/wp\/v2\/users\/1772"}],"replies":[{"embeddable":true,"href":"https:\/\/linitiative.ca\/International\/wp-json\/wp\/v2\/comments?post=118156"}],"version-history":[{"count":0,"href":"https:\/\/linitiative.ca\/International\/wp-json\/wp\/v2\/posts\/118156\/revisions"}],"wp:attachment":[{"href":"https:\/\/linitiative.ca\/International\/wp-json\/wp\/v2\/media?parent=118156"}],"wp:term":[{"taxonomy":"category","embeddable":true,"href":"https:\/\/linitiative.ca\/International\/wp-json\/wp\/v2\/categories?post=118156"},{"taxonomy":"post_tag","embeddable":true,"href":"https:\/\/linitiative.ca\/International\/wp-json\/wp\/v2\/tags?post=118156"}],"curies":[{"name":"wp","href":"https:\/\/api.w.org\/{rel}","templated":true}]}}