{"id":118160,"date":"2021-06-07T12:30:47","date_gmt":"2021-06-07T16:30:47","guid":{"rendered":"https:\/\/linitiative.ca\/International\/exclusion-de-lespagne-de-marhaba-2021-un-impact-desastreux-pour-les-ports-espagnols-selon-une-deputee-espagnole\/"},"modified":"2021-06-07T12:30:47","modified_gmt":"2021-06-07T16:30:47","slug":"exclusion-de-lespagne-de-marhaba-2021-un-impact-desastreux-pour-les-ports-espagnols-selon-une-deputee-espagnole","status":"publish","type":"post","link":"https:\/\/linitiative.ca\/International\/exclusion-de-lespagne-de-marhaba-2021-un-impact-desastreux-pour-les-ports-espagnols-selon-une-deputee-espagnole\/","title":{"rendered":"Exclusion de l\u2019Espagne de Marhaba 2021 :  un impact d\u00e9sastreux pour les ports espagnols selon une d\u00e9put\u00e9e espagnole"},"content":{"rendered":"<p><strong>L\u2019op\u00e9ration Marhaba 2021 aura bel et bien lieu, mais sans les ports espagnols. Selon Macarena Olona, membre du Congr\u00e8s des d\u00e9put\u00e9s d\u2019Espagne, cette exclusion par le Maroc aura un impact d\u00e9sastreux sur les ports espagnols.<\/strong><\/p>\n<div class=\"c10\">\n<\/div>\n<p>Les ports espagnols ne seront pas mis \u00e0 contribution dans le cadre de l\u2019op\u00e9ration Marhaba 2021. Une d\u00e9cision qui a pris de court les compagnies maritimes espagnoles, qui esp\u00e9raient que, contrairement \u00e0 l\u2019op\u00e9ration de 2020, les ports espagnols allaient avoir l\u2019opportunit\u00e9 d\u2019y participer cette ann\u00e9e. Sauf que le Maroc a reconduit le m\u00eame dispositif de l\u2019ann\u00e9e derni\u00e8re, avec le port de S\u00e8te en France et celui de G\u00eanes en Italie.<\/p>\n<p><strong>Lire aussi| <a href=\"https:\/\/www.challenge.ma\/marhaba-2021-colere-en-espagne-apres-lexclusion-des-ports-espagnols-187323\/\">Marhaba 2021 : col\u00e8re en Espagne apr\u00e8s l\u2019exclusion des ports espagnols<\/a><\/strong><\/p>\n<p>Selon Macarena Olona, membre du Congr\u00e8s des d\u00e9put\u00e9s d\u2019Espagne, cette exclusion des ports espagnols par le Maroc aura un impact d\u00e9sastreux sur l\u2019activit\u00e9 des compagnies maritimes espagnoles. \u00ab\u00a0Rien qu\u2019\u00e0 Motril, cela repr\u00e9sente une perte de 20 millions d\u2019euros. C\u2019est une activit\u00e9 qui a un grand impact \u00e9conomique pour cette ville. Cette exclusion affectera les ports d\u2019Alg\u00e9siras, de Tarifa, de Malaga, de Motril, d\u2019Almeria, d\u2019Alicante, de Ceuta et Melilia. Tragique\u00a0!\u00a0\u00bb, a-t-elle tweet\u00e9. Pour rappel, les ports espagnols ne faisaient d\u00e9j\u00e0 pas partie du dispositif mis en place par les autorit\u00e9s marocaines pour l\u2019op\u00e9ration Marhaba 2020, en raison de la pand\u00e9mie.<\/p>\n<p><strong>Lire aussi| <a href=\"https:\/\/www.challenge.ma\/marhaba-2021-lespagne-de-nouveau-exclue-des-points-de-transit-187281\/\">Marhaba 2021 : l\u2019Espagne de nouveau exclue des points de transit<\/a><\/strong><\/p>\n<p>Auteur: challenge<br \/>\n<a href=\"https:\/\/www.challenge.ma\/exclusion-de-lespagne-de-marhaba-2021-un-impact-desastreux-pour-les-ports-espagnols-selon-une-deputee-espagnole-187363\/\">Cliquez ici pour lire l&rsquo;article depuis sa source.<\/a><\/p>\n","protected":false},"excerpt":{"rendered":"<p>L\u2019op\u00e9ration Marhaba 2021 aura bel et bien lieu, mais sans les ports espagnols. Selon Macarena Olona, membre du Congr\u00e8s des d\u00e9put\u00e9s d\u2019Espagne, cette exclusion par le Maroc aura un impact d\u00e9sastreux sur les ports espagnols. Les ports espagnols ne seront pas mis \u00e0 contribution dans le cadre de l\u2019op\u00e9ration Marhaba 2021. Une d\u00e9cision qui a [&hellip;]<\/p>\n","protected":false},"author":1787,"featured_media":0,"comment_status":"closed","ping_status":"closed","sticky":false,"template":"","format":"standard","meta":{"fifu_image_url":"","fifu_image_alt":"","footnotes":""},"categories":[78,54],"tags":[],"class_list":["post-118160","post","type-post","status-publish","format-standard","hentry","category-economie","category-maroc"],"_links":{"self":[{"href":"https:\/\/linitiative.ca\/International\/wp-json\/wp\/v2\/posts\/118160","targetHints":{"allow":["GET"]}}],"collection":[{"href":"https:\/\/linitiative.ca\/International\/wp-json\/wp\/v2\/posts"}],"about":[{"href":"https:\/\/linitiative.ca\/International\/wp-json\/wp\/v2\/types\/post"}],"author":[{"embeddable":true,"href":"https:\/\/linitiative.ca\/International\/wp-json\/wp\/v2\/users\/1787"}],"replies":[{"embeddable":true,"href":"https:\/\/linitiative.ca\/International\/wp-json\/wp\/v2\/comments?post=118160"}],"version-history":[{"count":0,"href":"https:\/\/linitiative.ca\/International\/wp-json\/wp\/v2\/posts\/118160\/revisions"}],"wp:attachment":[{"href":"https:\/\/linitiative.ca\/International\/wp-json\/wp\/v2\/media?parent=118160"}],"wp:term":[{"taxonomy":"category","embeddable":true,"href":"https:\/\/linitiative.ca\/International\/wp-json\/wp\/v2\/categories?post=118160"},{"taxonomy":"post_tag","embeddable":true,"href":"https:\/\/linitiative.ca\/International\/wp-json\/wp\/v2\/tags?post=118160"}],"curies":[{"name":"wp","href":"https:\/\/api.w.org\/{rel}","templated":true}]}}