{"id":118167,"date":"2021-06-07T17:02:02","date_gmt":"2021-06-07T21:02:02","guid":{"rendered":"https:\/\/linitiative.ca\/International\/ennahdha-imed-khemiri-video-ennahdha-na-pas-ete-consulte-sur-la-recente-hausse-des-prix-et-a-demande-une-seance-a-cet-effet\/"},"modified":"2021-06-07T17:02:02","modified_gmt":"2021-06-07T21:02:02","slug":"ennahdha-imed-khemiri-video-ennahdha-na-pas-ete-consulte-sur-la-recente-hausse-des-prix-et-a-demande-une-seance-a-cet-effet","status":"publish","type":"post","link":"https:\/\/linitiative.ca\/International\/ennahdha-imed-khemiri-video-ennahdha-na-pas-ete-consulte-sur-la-recente-hausse-des-prix-et-a-demande-une-seance-a-cet-effet\/","title":{"rendered":"Ennahdha-Imed Khemiri [vid\u00e9o] : \u00ab Ennahdha n\u2019a pas \u00e9t\u00e9 consult\u00e9 sur la r\u00e9cente hausse des prix et a demand\u00e9 une s\u00e9ance \u00e0 cet effet \u00bb"},"content":{"rendered":"<div id=\"content-main\" class=\"left relative left relative\">\n<div class=\"post-info-out\">\n<div class=\"post-info-img left relative\"><img decoding=\"async\" alt=\"\" src=\"https:\/\/secure.gravatar.com\/avatar\/ea481d7287ad38ca1787f44b5bb1b70e?s=50&amp;d=mm&amp;r=g\" srcset=\"https:\/\/secure.gravatar.com\/avatar\/ea481d7287ad38ca1787f44b5bb1b70e?s=100&amp;d=mm&amp;r=g 2x\" class=\"avatar avatar-50 photo\" height=\"50\" width=\"50\" loading=\"lazy\"\/><\/div>\n<div class=\"post-info-in\">\n<div class=\"post-info-right left relative post-info-name left relative\"><span><span class=\"post-info-text\">Par<\/span> <span class=\"author-name vcard fn author\"><a href=\"https:\/\/www.tunisienumerique.com\/author\/rania-ben-slimane\/\" title=\"Articles par rania ben slimane\" rel=\"author\">rania ben slimane<\/a><\/span><\/span> <span class=\"post-date updated\"><time class=\"post-date updated\" datetime=\"2021-06-07\">\u00a0| Il y a 12 secondes<\/time><\/span><br \/>\n<meta itemprop=\"dateModified\" content=\"2021-06-07\"\/><\/div>\n<\/div>\n<\/div>\n<div class=\"code-block code-block-1 c5\">\n <ins class=\"adsbygoogle c4\" data-ad-layout=\"in-article\" data-ad-format=\"fluid\" data-ad-client=\"ca-pub-2102118777505746\" data-ad-slot=\"7301775417\"\/>\n<\/div>\n<p>Le d\u00e9put\u00e9 d\u2019Ennahda, Imed Khemiri a d\u00e9clar\u00e9 \u00e0 la correspondante de Tunisienumerique aujourd\u2019hui, lundi 7 mai 2021, que le bloc Ennahdha n\u2019avait pas \u00e9t\u00e9 consult\u00e9 au sujet de la r\u00e9cente augmentation des prix, ajoutant qu\u2019il est cens\u00e9 y avoir un dialogue et des consultations \u00e0 cet effet.<\/p>\n<p>Il a \u00e9galement poursuivi qu\u2019ils ont demand\u00e9 au Cabinet du Chef du gouvernement la tenue d\u2019une s\u00e9ance \u00e0 huis-clos \u00e0 ce propos pr\u00e9vue le vendredi prochain, pr\u00e9sid\u00e9e par le bloc du mouvement Ennahdha.<\/p>\n<p>Au cours de la r\u00e9union, les motifs sur lesquels se basent les r\u00e9centes d\u00e9cisions du gouvernement seront pr\u00e9sent\u00e9s et discut\u00e9s avec la ceinture politique de Mechichi.<\/p>\n<div class=\"swp_social_panel swp_horizontal_panel swp_flat_fresh swp_default_full_color swp_individual_full_color swp_other_full_color scale-100 scale-\" data-min-width=\"1100\" data-float-color=\"#ffffff\" data-float=\"bottom\" data-float-mobile=\"bottom\" data-transition=\"slide\">\n<div class=\"nc_tweetContainer swp_share_button total_shares total_sharesalt\"><span class=\"swp_count\">0 <span class=\"swp_label\">Partages<\/span><\/span><\/div>\n<\/div>\n<p><strong>Que se passe-t-il en Tunisie?<\/strong><br \/>Nous expliquons sur notre <a href=\"https:\/\/www.youtube.com\/channel\/UCRzypVq0B_yBad5eGrwBx0Q?sub_confirmation=1\" target=\"_blank\" rel=\"noopener\">cha\u00eene YouTube<\/a> . <a href=\"https:\/\/www.youtube.com\/channel\/UCRzypVq0B_yBad5eGrwBx0Q?sub_confirmation=1\" target=\"_blank\" rel=\"noopener\">Abonnez-vous!<\/a><\/p>\n<div class=\"mvp-org-wrap\" itemprop=\"publisher\">\n<div class=\"mvp-org-logo\" itemprop=\"logo\"><img decoding=\"async\" src=\"https:\/\/www.tunisienumerique.com\/wp-content\/uploads\/2017\/02\/logo_tunisie_numerique.png\"\/><br \/>\n<meta itemprop=\"url\" content=\"https:\/\/www.tunisienumerique.com\/wp-content\/uploads\/2017\/02\/logo_tunisie_numerique.png\"\/><\/div>\n<p><meta content=\"Tunisie\"\/><\/div>\n<div class=\"mvp-related-posts left relative\">\n<h4 class=\"post-header\"><span class=\"post-header\">Lire aussi<\/span><\/h4>\n<\/div>\n<div id=\"article-ad\">\n <ins class=\"adsbygoogle c6\" data-ad-client=\"ca-pub-2102118777505746\" data-ad-slot=\"6513972734\" data-ad-format=\"auto\" data-full-width-responsive=\"true\"\/>\n<\/div>\n<\/div>\n<div id=\"post-sidebar-wrap\">\n <ins class=\"adsbygoogle c6\" data-ad-client=\"ca-pub-2102118777505746\" data-ad-slot=\"6168283410\" data-ad-format=\"auto\" data-full-width-responsive=\"true\"\/>\n<\/div>\n<p>Auteur: rania ben slimane<br \/>\n<a href=\"https:\/\/www.tunisienumerique.com\/ennahdha-imed-khemiri-video-ennahdha-na-pas-ete-consulte-sur-la-recente-hausse-des-prix-et-a-demande-une-seance-a-cet-effet\/\">Cliquez ici pour lire l&rsquo;article depuis sa source.<\/a><\/p>\n","protected":false},"excerpt":{"rendered":"<p>Par rania ben slimane \u00a0| Il y a 12 secondes Le d\u00e9put\u00e9 d\u2019Ennahda, Imed Khemiri a d\u00e9clar\u00e9 \u00e0 la correspondante de Tunisienumerique aujourd\u2019hui, lundi 7 mai 2021, que le bloc Ennahdha n\u2019avait pas \u00e9t\u00e9 consult\u00e9 au sujet de la r\u00e9cente augmentation des prix, ajoutant qu\u2019il est cens\u00e9 y avoir un dialogue et des consultations \u00e0 [&hellip;]<\/p>\n","protected":false},"author":1789,"featured_media":0,"comment_status":"closed","ping_status":"closed","sticky":false,"template":"","format":"standard","meta":{"fifu_image_url":"https:\/\/secure.gravatar.com\/avatar\/ea481d7287ad38ca1787f44b5bb1b70e?s=50&d=mm&r=g","fifu_image_alt":"Ennahdha-Imed Khemiri [vid\u00e9o] : \u00ab Ennahdha n\u2019a pas \u00e9t\u00e9 consult\u00e9 sur la r\u00e9cente hausse des prix et a demand\u00e9 une s\u00e9ance \u00e0 cet effet \u00bb","footnotes":""},"categories":[73,55],"tags":[],"class_list":["post-118167","post","type-post","status-publish","format-standard","hentry","category-actualite","category-tunisie"],"_links":{"self":[{"href":"https:\/\/linitiative.ca\/International\/wp-json\/wp\/v2\/posts\/118167","targetHints":{"allow":["GET"]}}],"collection":[{"href":"https:\/\/linitiative.ca\/International\/wp-json\/wp\/v2\/posts"}],"about":[{"href":"https:\/\/linitiative.ca\/International\/wp-json\/wp\/v2\/types\/post"}],"author":[{"embeddable":true,"href":"https:\/\/linitiative.ca\/International\/wp-json\/wp\/v2\/users\/1789"}],"replies":[{"embeddable":true,"href":"https:\/\/linitiative.ca\/International\/wp-json\/wp\/v2\/comments?post=118167"}],"version-history":[{"count":0,"href":"https:\/\/linitiative.ca\/International\/wp-json\/wp\/v2\/posts\/118167\/revisions"}],"wp:attachment":[{"href":"https:\/\/linitiative.ca\/International\/wp-json\/wp\/v2\/media?parent=118167"}],"wp:term":[{"taxonomy":"category","embeddable":true,"href":"https:\/\/linitiative.ca\/International\/wp-json\/wp\/v2\/categories?post=118167"},{"taxonomy":"post_tag","embeddable":true,"href":"https:\/\/linitiative.ca\/International\/wp-json\/wp\/v2\/tags?post=118167"}],"curies":[{"name":"wp","href":"https:\/\/api.w.org\/{rel}","templated":true}]}}