{"id":118168,"date":"2021-06-07T17:08:53","date_gmt":"2021-06-07T21:08:53","guid":{"rendered":"https:\/\/linitiative.ca\/International\/tunisie-covid-le-peril-viendra-cette-annee-des-hotels-et-pas-des-touristes-etrangers\/"},"modified":"2021-06-07T17:08:53","modified_gmt":"2021-06-07T21:08:53","slug":"tunisie-covid-le-peril-viendra-cette-annee-des-hotels-et-pas-des-touristes-etrangers","status":"publish","type":"post","link":"https:\/\/linitiative.ca\/International\/tunisie-covid-le-peril-viendra-cette-annee-des-hotels-et-pas-des-touristes-etrangers\/","title":{"rendered":"Tunisie \u2013 Covid\u00a0: Le p\u00e9ril viendra cette ann\u00e9e des h\u00f4tels et pas des touristes \u00e9trangers\u00a0!"},"content":{"rendered":"<div id=\"content-main\" class=\"left relative left relative\">\n<div class=\"post-info-out\">\n<div class=\"post-info-img left relative\"><img decoding=\"async\" alt=\"\" src=\"https:\/\/secure.gravatar.com\/avatar\/96253f4a657b482a18e837c1252096c2?s=50&amp;d=mm&amp;r=g\" srcset=\"https:\/\/secure.gravatar.com\/avatar\/96253f4a657b482a18e837c1252096c2?s=100&amp;d=mm&amp;r=g 2x\" class=\"avatar avatar-50 photo\" height=\"50\" width=\"50\" loading=\"lazy\"\/><\/div>\n<div class=\"post-info-in\">\n<div class=\"post-info-right left relative post-info-name left relative\"><span><span class=\"post-info-text\">Par<\/span> <span class=\"author-name vcard fn author\"><a href=\"https:\/\/www.tunisienumerique.com\/author\/saber\/\" title=\"Articles par Saber .\" rel=\"author\">Saber .<\/a><\/span><\/span> <span class=\"post-date updated\"><time class=\"post-date updated\" datetime=\"2021-06-07\">\u00a0| Il y a 2 minutes<\/time><\/span><br \/>\n<meta itemprop=\"dateModified\" content=\"2021-06-07\"\/><\/div>\n<\/div>\n<\/div>\n<div class=\"code-block code-block-1 c4\">\n <ins class=\"adsbygoogle c3\" data-ad-layout=\"in-article\" data-ad-format=\"fluid\" data-ad-client=\"ca-pub-2102118777505746\" data-ad-slot=\"7301775417\"\/>\n<\/div>\n<p>Avec l\u2019arriv\u00e9e des grandes chaleurs, et apr\u00e8s des mois et des mois de privation, pour cause de pand\u00e9mie et, aussi, pour cause de crise \u00e9conomique, les tunisiens, ou du moins, ceux qui en ont les moyens, se sont ru\u00e9s sur les h\u00f4tels, dans les stations baln\u00e9aires du pays. Ce weekend , il \u00e9tait difficile de se trouver une chambre d\u2019h\u00f4tel, sans certaines villes c\u00f4ti\u00e8res du pays.<\/p>\n<p>Cette situation serait la bienvenue, aussi bien pour les citoyens qui ont pu se payer un moment de plaisir, que pour les professionnels qui ont re\u00e7u une petite bouff\u00e9e d\u2019oxyg\u00e8ne, fusse-t-elle en dinars et non en dollars. Mais il n\u2019emp\u00eache que cette situation est plus que pr\u00e9occupante. Et ce en l\u2019absence de toute initiative de la part du minist\u00e8re de la sant\u00e9 qui n\u2019a, jusqu\u2019\u00e0 ce jour, rien pr\u00e9vu, comme protocole sanitaire dans les h\u00f4tels, \u00e0 l\u2019intentions des touristes locaux.<\/p>\n<p>Des milliers de tunisiens ont, en effet, converg\u00e9 vers des unit\u00e9s h\u00f4teli\u00e8res. Ils sont arriv\u00e9s de partout, d\u2019horizons diverses. Ils sont entr\u00e9s, ensemble, dans des espaces assez exigus, prenant les repas dans la m\u00eame salle, se baignant dans la m\u00eame piscine, sirotant ce qu\u2019ils veulent, dans le m\u00eame bar, et on en passe\u2026<\/p>\n<p>A leur entr\u00e9e dans l\u2019h\u00f4tel, ces tunisiens ne sont aucunement contr\u00f4l\u00e9s, et personne n\u2019a la moindre id\u00e9e sur leur statut s\u00e9rologique, par rapport au covid. Ils se sont m\u00e9lang\u00e9s \u00e0 des milliers d\u2019autres tunisiens venant d\u2019un peu partout. Ils se sont, aussi, m\u00e9lang\u00e9s aux touristes \u00e9trangers, qui r\u00e9sident dans l\u2019h\u00f4tel, et \u00e0 propos des quels on n\u2019avait pas pris, plus que \u00e7\u00e0, des pr\u00e9cautions, vu qu\u2019ils ne devaient pas quitter le circuit limit\u00e9 de leur vacances. On n\u2019avait, en effet, pas pr\u00e9vu que ce sont les tunisiens qui allaient venir \u00e0 leur rencontre dans les h\u00f4tels.<\/p>\n<p>Et au bout de deux ou trois jours de vacances, tous ces tunisiens ressortent des h\u00f4tels, avec, toujours, aucune id\u00e9e sur leur statut viral\u2026 Ils reviennent aupr\u00e8s de leurs familles, aupr\u00e8s de leurs coll\u00e8gues au travail\u2026 Ils vont faire leurs courses aux magasins et grandes surfaces\u2026 Et, apr\u00e8s on se demandera d\u2019o\u00f9 viennent tous ces clusters dont on n\u2019arrive pas \u00e0 d\u00e9terminer l\u2019origine\u00a0!<\/p>\n<p>Et, dans tout \u00e7\u00e0, les lumi\u00e8res en \u00e9pid\u00e9miologie du minist\u00e8re de la sant\u00e9, n\u2019ont nullement l\u2019air de s\u2019inqui\u00e9ter, sachant que, m\u00eame, pour les touristes \u00e9trangers, on rappelle qu\u2019ils n\u2019ont, toujours, pas mis \u00e0 jour leur protocole, ce qui a pouss\u00e9 les professionnels du tourisme \u00e0 op\u00e9rer selon le protocole, tr\u00e8s probablement, d\u00e9pass\u00e9, de l\u2019ann\u00e9e derni\u00e8re\u00a0!<\/p>\n<div class=\"swp_social_panel swp_horizontal_panel swp_flat_fresh swp_default_full_color swp_individual_full_color swp_other_full_color scale-100 scale-\" data-min-width=\"1100\" data-float-color=\"#ffffff\" data-float=\"bottom\" data-float-mobile=\"bottom\" data-transition=\"slide\">\n<div class=\"nc_tweetContainer swp_share_button total_shares total_sharesalt\"><span class=\"swp_count\">0 <span class=\"swp_label\">Partages<\/span><\/span><\/div>\n<\/div>\n<p><strong>Que se passe-t-il en Tunisie?<\/strong><br \/>Nous expliquons sur notre <a href=\"https:\/\/www.youtube.com\/channel\/UCRzypVq0B_yBad5eGrwBx0Q?sub_confirmation=1\" target=\"_blank\" rel=\"noopener\">cha\u00eene YouTube<\/a> . <a href=\"https:\/\/www.youtube.com\/channel\/UCRzypVq0B_yBad5eGrwBx0Q?sub_confirmation=1\" target=\"_blank\" rel=\"noopener\">Abonnez-vous!<\/a><\/p>\n<div class=\"mvp-org-wrap\" itemprop=\"publisher\">\n<div class=\"mvp-org-logo\" itemprop=\"logo\"><img decoding=\"async\" src=\"https:\/\/www.tunisienumerique.com\/wp-content\/uploads\/2017\/02\/logo_tunisie_numerique.png\"\/><br \/>\n<meta itemprop=\"url\" content=\"https:\/\/www.tunisienumerique.com\/wp-content\/uploads\/2017\/02\/logo_tunisie_numerique.png\"\/><\/div>\n<p><meta content=\"Tunisie\"\/><\/div>\n<div class=\"mvp-related-posts left relative\">\n<h4 class=\"post-header\"><span class=\"post-header\">Lire aussi<\/span><\/h4>\n<\/div>\n<div id=\"article-ad\">\n <ins class=\"adsbygoogle c5\" data-ad-client=\"ca-pub-2102118777505746\" data-ad-slot=\"6513972734\" data-ad-format=\"auto\" data-full-width-responsive=\"true\"\/>\n<\/div>\n<\/div>\n<div id=\"post-sidebar-wrap\">\n <ins class=\"adsbygoogle c5\" data-ad-client=\"ca-pub-2102118777505746\" data-ad-slot=\"6168283410\" data-ad-format=\"auto\" data-full-width-responsive=\"true\"\/>\n<\/div>\n<p>Auteur: Saber .<br \/>\n<a href=\"https:\/\/www.tunisienumerique.com\/tunisie-covid-le-peril-viendra-cette-annee-des-hotels-et-pas-des-touristes-etrangers\/\">Cliquez ici pour lire l&rsquo;article depuis sa source.<\/a><\/p>\n","protected":false},"excerpt":{"rendered":"<p>Par Saber . \u00a0| Il y a 2 minutes Avec l\u2019arriv\u00e9e des grandes chaleurs, et apr\u00e8s des mois et des mois de privation, pour cause de pand\u00e9mie et, aussi, pour cause de crise \u00e9conomique, les tunisiens, ou du moins, ceux qui en ont les moyens, se sont ru\u00e9s sur les h\u00f4tels, dans les stations baln\u00e9aires [&hellip;]<\/p>\n","protected":false},"author":1789,"featured_media":0,"comment_status":"closed","ping_status":"closed","sticky":false,"template":"","format":"standard","meta":{"fifu_image_url":"https:\/\/secure.gravatar.com\/avatar\/96253f4a657b482a18e837c1252096c2?s=50&d=mm&r=g","fifu_image_alt":"Tunisie \u2013 Covid\u00a0: Le p\u00e9ril viendra cette ann\u00e9e des h\u00f4tels et pas des touristes \u00e9trangers\u00a0!","footnotes":""},"categories":[73,55],"tags":[],"class_list":["post-118168","post","type-post","status-publish","format-standard","hentry","category-actualite","category-tunisie"],"_links":{"self":[{"href":"https:\/\/linitiative.ca\/International\/wp-json\/wp\/v2\/posts\/118168","targetHints":{"allow":["GET"]}}],"collection":[{"href":"https:\/\/linitiative.ca\/International\/wp-json\/wp\/v2\/posts"}],"about":[{"href":"https:\/\/linitiative.ca\/International\/wp-json\/wp\/v2\/types\/post"}],"author":[{"embeddable":true,"href":"https:\/\/linitiative.ca\/International\/wp-json\/wp\/v2\/users\/1789"}],"replies":[{"embeddable":true,"href":"https:\/\/linitiative.ca\/International\/wp-json\/wp\/v2\/comments?post=118168"}],"version-history":[{"count":0,"href":"https:\/\/linitiative.ca\/International\/wp-json\/wp\/v2\/posts\/118168\/revisions"}],"wp:attachment":[{"href":"https:\/\/linitiative.ca\/International\/wp-json\/wp\/v2\/media?parent=118168"}],"wp:term":[{"taxonomy":"category","embeddable":true,"href":"https:\/\/linitiative.ca\/International\/wp-json\/wp\/v2\/categories?post=118168"},{"taxonomy":"post_tag","embeddable":true,"href":"https:\/\/linitiative.ca\/International\/wp-json\/wp\/v2\/tags?post=118168"}],"curies":[{"name":"wp","href":"https:\/\/api.w.org\/{rel}","templated":true}]}}