{"id":118171,"date":"2021-06-07T17:02:31","date_gmt":"2021-06-07T21:02:31","guid":{"rendered":"https:\/\/linitiative.ca\/International\/relance-de-leconomie-post-covid-19-les-nations-unies-pretes-a-soutenir-le-burkina\/"},"modified":"2021-06-07T17:02:31","modified_gmt":"2021-06-07T21:02:31","slug":"relance-de-leconomie-post-covid-19-les-nations-unies-pretes-a-soutenir-le-burkina","status":"publish","type":"post","link":"https:\/\/linitiative.ca\/International\/relance-de-leconomie-post-covid-19-les-nations-unies-pretes-a-soutenir-le-burkina\/","title":{"rendered":"Relance de l\u2019\u00e9conomie post-COVID-19 :Les Nations unies, pr\u00eates  \u00e0 soutenir le Burkina"},"content":{"rendered":"<div class=\"td-post-featured-image\">\n<figure><a href=\"https:\/\/www.sidwaya.info\/wp-content\/uploads\/2021\/06\/un.jpg\" data-caption=\"Avec la Secr\u00e9taire ex\u00e9cutive de la Commission \u00e9conomique pour l\u2019Afrique des Nations unies, Dr Vera Songwe, le pr\u00e9sident du Faso a insist\u00e9 sur la cr\u00e9ation d\u2019emplois pour les jeunes.\"><img loading=\"lazy\" decoding=\"async\" width=\"696\" height=\"424\" class=\"entry-thumb td-modal-image\" src=\"https:\/\/www.sidwaya.info\/wp-content\/uploads\/2021\/06\/un-696x424.jpg\" srcset=\"https:\/\/www.sidwaya.info\/wp-content\/uploads\/2021\/06\/un-696x424.jpg 696w, https:\/\/www.sidwaya.info\/wp-content\/uploads\/2021\/06\/un-300x183.jpg 300w, https:\/\/www.sidwaya.info\/wp-content\/uploads\/2021\/06\/un-768x468.jpg 768w, https:\/\/www.sidwaya.info\/wp-content\/uploads\/2021\/06\/un-150x91.jpg 150w, https:\/\/www.sidwaya.info\/wp-content\/uploads\/2021\/06\/un-690x420.jpg 690w, https:\/\/www.sidwaya.info\/wp-content\/uploads\/2021\/06\/un.jpg 780w\" sizes=\"auto, (max-width: 696px) 100vw, 696px\" alt=\"\" title=\"un\"\/><\/a><figcaption class=\"wp-caption-text\">Avec la Secr\u00e9taire ex\u00e9cutive de la Commission \u00e9conomique pour l\u2019Afrique des Nations unies, Dr Vera Songwe, le pr\u00e9sident du Faso a insist\u00e9 sur la cr\u00e9ation d\u2019emplois pour les jeunes.<\/figcaption><\/figure>\n<\/div>\n<p><strong>Le Pr\u00e9sident du Faso, Roch Marc Christian Kabor\u00e9, a re\u00e7u, le lundi 7 juin 2021 \u00e0 Kosyam, la Secr\u00e9taire ex\u00e9cutive de la Commission \u00e9conomique pour l\u2019Afrique des Nations unies, Dr Vera Songwe, par ailleurs Secr\u00e9taire g\u00e9n\u00e9rale adjointe de l\u2019ONU.<\/strong><\/p>\n<p>Le syst\u00e8me des Nations unies est dispos\u00e9 \u00e0 accompagner le Burkina Faso pour la relance de son \u00e9conomie, mise en difficult\u00e9 par la COVID-19.<br \/>A cet effet, une d\u00e9l\u00e9gation de l\u2019ONU conduite par la Secr\u00e9taire ex\u00e9cutive de la Commission \u00e9conomique pour l\u2019Afrique (CEA) des Nations unies, Dr Vera Songwe, a \u00e9t\u00e9 re\u00e7ue, le lundi 7 juin 2021, \u00e0 Kosyam par le Chef de l\u2019Etat, Roch Marc Christian Kabor\u00e9. A sa sortie d\u2019audience, Mme Songwe, par ailleurs Secr\u00e9taire g\u00e9n\u00e9rale adjointe de l\u2019ONU, a f\u00e9licit\u00e9 le pr\u00e9sident du Faso pour \u00ab la bonne conduite de l\u2019\u00e9conomie nationale malgr\u00e9 la crise sanitaire \u00bb marqu\u00e9e par le coronavirus. De son avis, le Burkina Faso fait partie des pays dont l\u2019\u00e9conomie est en voie d\u2019\u00eatre relanc\u00e9e.<\/p>\n<p>La Secr\u00e9taire ex\u00e9cutive de la CEA s\u2019est r\u00e9jouie que le prix de l\u2019or soit en hausse et qu\u2019a contrario, celui du p\u00e9trole soit en baisse. Pour elle, cette situation cr\u00e9e une condition \u00ab un peu propice \u00bb pour la relance \u00e9conomique. Pour s\u2019inscrire dans ce<br \/>sch\u00e9ma, a expliqu\u00e9 la Secr\u00e9taire g\u00e9n\u00e9rale adjointe de l\u2019ONU, le gouvernement burkinab\u00e8, en collaboration avec la communaut\u00e9 internationale, travaille pour la mise en place de certains programmes. A ce propos, elle a confi\u00e9 que les \u00e9changes ont port\u00e9 sur des projets de cr\u00e9ation d\u2019emplois pour les jeunes et d\u2019aide aux personnes d\u00e9munies telles que les femmes et les enfants. Il s\u2019agit de mettre en place, a poursuivi Mme Songwe, des programmes de bourses familiales et de protection sociale. La repr\u00e9sentante de l\u2019ONU a aussi indiqu\u00e9 que le pr\u00e9sident Kabor\u00e9 a annonc\u00e9 un programme d\u2019autosuffisance agricole, notamment dans la fili\u00e8re riz.<\/p>\n<p>Selon la Secr\u00e9taire g\u00e9n\u00e9rale adjointe de l\u2019ONU, en plus des programmes annonc\u00e9s, un accent doit \u00eatre mis sur la lutte contre la COVID-19 et sur une bonne politique d\u2019urbanisation. Elle a \u00e9galement \u00e9voqu\u00e9 la possibilit\u00e9 pour le Burkina de profiter de la Zone de libre-\u00e9change \u00e9conomique continental africaine (ZLECAf). \u00ab Avant la crise sanitaire, le Burkina \u00e9tait en train de cro\u00eetre \u00e0 6 %. Pour arriver \u00e0 statut \u00e0 un revenu interm\u00e9diaire, il faudrait que le Burkina puisse cro\u00eetre \u00e0 9 ou 10 %. Nous pensons qu\u2019avec un programme agricole assez renforc\u00e9, un programme de reconstruction des villes, ajout\u00e9 aux avantages que le pays peut tirer de la ZLECAf permettront au Burkina de r\u00e9ussir la relance de son \u00e9conomie post-COVID \u00bb, a rassur\u00e9 la responsable onusienne. D\u2019o\u00f9 son invite \u00e0 l\u2019ensemble des acteurs burkinab\u00e8 \u00e0 \u0153uvrer pour la r\u00e9ouverture de l\u2019\u00e9conomie nationale. A l\u2019\u00e9couter, cela passe \u00e9galement par la lutte contre la pand\u00e9mie, notamment la vaccination contre la maladie.<\/p>\n<p class=\"c1\"><strong>Abdoulaye BALBONE<\/strong><\/p>\n<div class=\"td-a-rec td-a-rec-id-content_bottom tdi_33_69e td_block_template_1\">\n<p><img loading=\"lazy\" decoding=\"async\" class=\"aligncenter size-full wp-image-27454\" src=\"https:\/\/www.sidwaya.info\/wp-content\/uploads\/2020\/10\/PUB-Bandeau-paiement-mobile-siteweb.jpg\" alt=\"\" width=\"728\" height=\"90\"\/><\/div>\n<p>Auteur: JK. Sidwaya<br \/>\n<a href=\"https:\/\/www.sidwaya.info\/blog\/2021\/06\/07\/relance-de-leconomie-post-covid-19-les-nations-unies-pretes-a-soutenir-le-burkina\/\">Cliquez ici pour lire l&rsquo;article depuis sa source.<\/a><\/p>\n","protected":false},"excerpt":{"rendered":"<p>Avec la Secr\u00e9taire ex\u00e9cutive de la Commission \u00e9conomique pour l\u2019Afrique des Nations unies, Dr Vera Songwe, le pr\u00e9sident du Faso a insist\u00e9 sur la cr\u00e9ation d\u2019emplois pour les jeunes. Le Pr\u00e9sident du Faso, Roch Marc Christian Kabor\u00e9, a re\u00e7u, le lundi 7 juin 2021 \u00e0 Kosyam, la Secr\u00e9taire ex\u00e9cutive de la Commission \u00e9conomique pour l\u2019Afrique [&hellip;]<\/p>\n","protected":false},"author":1816,"featured_media":0,"comment_status":"closed","ping_status":"closed","sticky":false,"template":"","format":"standard","meta":{"fifu_image_url":"https:\/\/www.sidwaya.info\/wp-content\/uploads\/2021\/06\/un-696x424.jpg","fifu_image_alt":"Relance de l\u2019\u00e9conomie post-COVID-19 :Les Nations unies, pr\u00eates  \u00e0 soutenir le Burkina","footnotes":""},"categories":[73,81],"tags":[],"class_list":["post-118171","post","type-post","status-publish","format-standard","hentry","category-actualite","category-burkina-faso"],"_links":{"self":[{"href":"https:\/\/linitiative.ca\/International\/wp-json\/wp\/v2\/posts\/118171","targetHints":{"allow":["GET"]}}],"collection":[{"href":"https:\/\/linitiative.ca\/International\/wp-json\/wp\/v2\/posts"}],"about":[{"href":"https:\/\/linitiative.ca\/International\/wp-json\/wp\/v2\/types\/post"}],"author":[{"embeddable":true,"href":"https:\/\/linitiative.ca\/International\/wp-json\/wp\/v2\/users\/1816"}],"replies":[{"embeddable":true,"href":"https:\/\/linitiative.ca\/International\/wp-json\/wp\/v2\/comments?post=118171"}],"version-history":[{"count":0,"href":"https:\/\/linitiative.ca\/International\/wp-json\/wp\/v2\/posts\/118171\/revisions"}],"wp:attachment":[{"href":"https:\/\/linitiative.ca\/International\/wp-json\/wp\/v2\/media?parent=118171"}],"wp:term":[{"taxonomy":"category","embeddable":true,"href":"https:\/\/linitiative.ca\/International\/wp-json\/wp\/v2\/categories?post=118171"},{"taxonomy":"post_tag","embeddable":true,"href":"https:\/\/linitiative.ca\/International\/wp-json\/wp\/v2\/tags?post=118171"}],"curies":[{"name":"wp","href":"https:\/\/api.w.org\/{rel}","templated":true}]}}