{"id":118172,"date":"2021-06-07T17:06:50","date_gmt":"2021-06-07T21:06:50","guid":{"rendered":"https:\/\/linitiative.ca\/International\/mali-au-dela-du-discours\/"},"modified":"2021-06-07T17:06:50","modified_gmt":"2021-06-07T21:06:50","slug":"mali-au-dela-du-discours","status":"publish","type":"post","link":"https:\/\/linitiative.ca\/International\/mali-au-dela-du-discours\/","title":{"rendered":"Mali : au-del\u00e0  du discours"},"content":{"rendered":"<div class=\"td-post-featured-image\"><a href=\"https:\/\/www.sidwaya.info\/wp-content\/uploads\/2021\/05\/Trait-de-plume.jpg\" data-caption=\"\"><img loading=\"lazy\" decoding=\"async\" width=\"696\" height=\"465\" class=\"entry-thumb td-modal-image\" src=\"https:\/\/www.sidwaya.info\/wp-content\/uploads\/2021\/05\/Trait-de-plume-696x465.jpg\" srcset=\"https:\/\/www.sidwaya.info\/wp-content\/uploads\/2021\/05\/Trait-de-plume-696x465.jpg 696w, https:\/\/www.sidwaya.info\/wp-content\/uploads\/2021\/05\/Trait-de-plume-300x200.jpg 300w, https:\/\/www.sidwaya.info\/wp-content\/uploads\/2021\/05\/Trait-de-plume-150x100.jpg 150w, https:\/\/www.sidwaya.info\/wp-content\/uploads\/2021\/05\/Trait-de-plume-629x420.jpg 629w, https:\/\/www.sidwaya.info\/wp-content\/uploads\/2021\/05\/Trait-de-plume.jpg 738w\" sizes=\"auto, (max-width: 696px) 100vw, 696px\" alt=\"\" title=\"Trait de plume\"\/><\/a><\/div>\n<p>Le colonel Assimi Go\u00efta a \u00e9t\u00e9 investi officiellement pr\u00e9sident de la transition malienne, hier lundi 7 juin 2021. A ceux qui lui pr\u00eatent des intentions de vouloir confisquer le pouvoir, il a saisi l\u2019occasion de son discours d\u2019investiture pour clarifier sa position de d\u00e9part lorsqu\u2019il a mis hors-jeu l\u2019ex-pr\u00e9sident Bah N\u2019Daw et son Premier ministre, Moctar Ouane, le 25 mai dernier. \u00ab Je voudrais rassurer les diverses organisations, sous r\u00e9gionales, r\u00e9gionales et la communaut\u00e9 internationale, en g\u00e9n\u00e9ral, que le Mali va honorer l\u2019ensemble de<br \/>ses engagements pour et dans l\u2019int\u00e9r\u00eat supr\u00eame de la nation \u00bb, a-t-il affirm\u00e9, en promettant d\u2019organiser \u00ab des \u00e9lections cr\u00e9dibles, justes, transparentes, aux \u00e9ch\u00e9ances pr\u00e9vues \u00bb.<\/p>\n<p>C\u2019est dire que la date du 27 f\u00e9vrier 2022, pr\u00e9vue pour la pr\u00e9sidentielle et les l\u00e9gislatives sera respect\u00e9e. En jurant devant le peuple malien de pr\u00e9sider aux destin\u00e9es du pays, le pr\u00e9sident Go\u00efta a \u00e9galement fait le v\u0153u de donner l\u2019exemple en r\u00e9duisant le train de vie de l\u2019Etat. \u00ab J\u2019ai d\u00e9cid\u00e9 d\u2019allouer les deux tiers des fonds de souverainet\u00e9 du pr\u00e9sident, soit 1,8 milliard F CFA, annuel aux \u0153uvres socio-sanitaires, notamment pour faciliter l\u2019acc\u00e8s \u00e0 l\u2019eau potable et aux soins de sant\u00e9 primaires dans les zones difficiles d\u2019acc\u00e8s \u00bb, a indiqu\u00e9 le pr\u00e9sident de la Transition.<br \/>Cette profession de foi suffit-elle pour rassurer les Maliens qui vivent depuis des lustres dans la hantise de l\u2019ins\u00e9curit\u00e9 ? Certainement pas ! Si le pays est arriv\u00e9 \u00e0 cette instabilit\u00e9 institutionnelle chronique, c\u2019est en grande partie \u00e0 cause de l\u2019ins\u00e9curit\u00e9 qui l\u2019a \u00e9branl\u00e9 dans son unit\u00e9.<\/p>\n<p>C\u2019est pourquoi au-del\u00e0 des mesures sociales et de la volont\u00e9 de respecter les clauses de la charte de la Transition, le chef de l\u2019Etat, \u00e2g\u00e9 de 37 ans, devra discuter avec les signataires de l\u2019Accord de paix d\u2019Alger. Sur le chantier de la lutte contre le terrorisme, le pr\u00e9sident malien devra n\u00e9cessairement d\u00e9ployer les grands moyens. C\u2019est imp\u00e9ratif au regard de la recrudescence des attaques terroristes et de la suspension de la coop\u00e9ration militaire de certains partenaires comme la France et les Etats-Unis d\u2019Am\u00e9rique. C\u2019est v\u00e9ritablement sur le terrain de la lutte contre le terrorisme que le pr\u00e9sident Go\u00efta devra donner l\u2019exemple. Le plus important n\u2019est pas forc\u00e9ment d\u2019organiser des \u00e9lections au terme de la Transition, mais il sied d\u2019engranger des victoires face au p\u00e9ril s\u00e9curitaire. C\u2019est \u00e0 ce prix que le Mali pourra retrouver une relative stabilit\u00e9 pour se concentrer sur les d\u00e9fis de d\u00e9veloppement socio\u00e9conomique.<\/p>\n<p>Tant que sur le plan s\u00e9curitaire l\u2019on ne sentira pas une am\u00e9lioration sur le terrain, il est \u00e0 parier que le prochain pr\u00e9sident malien issu des urnes aura du mal \u00e0 gouverner le pays. C\u2019est \u00e0 l\u2019aune des solutions qui seront mises en avant dans le combat contre l\u2019ins\u00e9curit\u00e9 et le terrorisme que le colonel Assimi Go\u00efta pourra se faire une place dans les c\u0153urs de ses compatriotes. Avec un sens \u00e9lev\u00e9 du patriotisme et une conscience aigu\u00eb de la r\u00e9alit\u00e9, il pourrait faire bouger les lignes. Bien s\u00fbr, avec le soutien des pays voisins comme le Niger et le Burkina Faso qui sont tous trois confront\u00e9s \u00e0 la n\u00e9buleuse terroriste. Au-del\u00e0 des mots, il faudra des actes concrets contre les maux qui \u00e9treignent le peuple malien.<\/p>\n<p class=\"c1\"><strong>Karim BADOLO<\/strong><\/p>\n<div class=\"td-a-rec td-a-rec-id-content_bottom tdi_33_636 td_block_template_1\">\n<p><img loading=\"lazy\" decoding=\"async\" class=\"aligncenter size-full wp-image-27454\" src=\"https:\/\/www.sidwaya.info\/wp-content\/uploads\/2020\/10\/PUB-Bandeau-paiement-mobile-siteweb.jpg\" alt=\"\" width=\"728\" height=\"90\"\/><\/div>\n<p>Auteur: JK. Sidwaya<br \/>\n<a href=\"https:\/\/www.sidwaya.info\/blog\/2021\/06\/07\/mali-au-dela-du-discours\/\">Cliquez ici pour lire l&rsquo;article depuis sa source.<\/a><\/p>\n","protected":false},"excerpt":{"rendered":"<p>Le colonel Assimi Go\u00efta a \u00e9t\u00e9 investi officiellement pr\u00e9sident de la transition malienne, hier lundi 7 juin 2021. A ceux qui lui pr\u00eatent des intentions de vouloir confisquer le pouvoir, il a saisi l\u2019occasion de son discours d\u2019investiture pour clarifier sa position de d\u00e9part lorsqu\u2019il a mis hors-jeu l\u2019ex-pr\u00e9sident Bah N\u2019Daw et son Premier ministre, [&hellip;]<\/p>\n","protected":false},"author":1816,"featured_media":0,"comment_status":"closed","ping_status":"closed","sticky":false,"template":"","format":"standard","meta":{"fifu_image_url":"https:\/\/www.sidwaya.info\/wp-content\/uploads\/2021\/05\/Trait-de-plume-696x465.jpg","fifu_image_alt":"Mali : au-del\u00e0  du discours","footnotes":""},"categories":[73,81],"tags":[],"class_list":["post-118172","post","type-post","status-publish","format-standard","hentry","category-actualite","category-burkina-faso"],"_links":{"self":[{"href":"https:\/\/linitiative.ca\/International\/wp-json\/wp\/v2\/posts\/118172","targetHints":{"allow":["GET"]}}],"collection":[{"href":"https:\/\/linitiative.ca\/International\/wp-json\/wp\/v2\/posts"}],"about":[{"href":"https:\/\/linitiative.ca\/International\/wp-json\/wp\/v2\/types\/post"}],"author":[{"embeddable":true,"href":"https:\/\/linitiative.ca\/International\/wp-json\/wp\/v2\/users\/1816"}],"replies":[{"embeddable":true,"href":"https:\/\/linitiative.ca\/International\/wp-json\/wp\/v2\/comments?post=118172"}],"version-history":[{"count":0,"href":"https:\/\/linitiative.ca\/International\/wp-json\/wp\/v2\/posts\/118172\/revisions"}],"wp:attachment":[{"href":"https:\/\/linitiative.ca\/International\/wp-json\/wp\/v2\/media?parent=118172"}],"wp:term":[{"taxonomy":"category","embeddable":true,"href":"https:\/\/linitiative.ca\/International\/wp-json\/wp\/v2\/categories?post=118172"},{"taxonomy":"post_tag","embeddable":true,"href":"https:\/\/linitiative.ca\/International\/wp-json\/wp\/v2\/tags?post=118172"}],"curies":[{"name":"wp","href":"https:\/\/api.w.org\/{rel}","templated":true}]}}