{"id":118173,"date":"2021-06-07T17:32:28","date_gmt":"2021-06-07T21:32:28","guid":{"rendered":"https:\/\/linitiative.ca\/International\/commune-de-banh-des-populations-se-disent-abandonnees\/"},"modified":"2021-06-07T17:32:28","modified_gmt":"2021-06-07T21:32:28","slug":"commune-de-banh-des-populations-se-disent-abandonnees","status":"publish","type":"post","link":"https:\/\/linitiative.ca\/International\/commune-de-banh-des-populations-se-disent-abandonnees\/","title":{"rendered":"Commune de Banh : Des populations se disent \u00ab\u00a0abandonn\u00e9es\u00a0\u00bb"},"content":{"rendered":"<div class=\"td-post-featured-image\">\n<figure><a href=\"https:\/\/www.sidwaya.info\/wp-content\/uploads\/2021\/06\/banh.jpg\" data-caption=\"La population de Banh manifeste parce que leur maire aurait abandonn\u00e9 la commune.\"><img loading=\"lazy\" decoding=\"async\" width=\"696\" height=\"411\" class=\"entry-thumb td-modal-image\" src=\"https:\/\/www.sidwaya.info\/wp-content\/uploads\/2021\/06\/banh-696x411.jpg\" srcset=\"https:\/\/www.sidwaya.info\/wp-content\/uploads\/2021\/06\/banh-696x411.jpg 696w, https:\/\/www.sidwaya.info\/wp-content\/uploads\/2021\/06\/banh-300x177.jpg 300w, https:\/\/www.sidwaya.info\/wp-content\/uploads\/2021\/06\/banh-150x89.jpg 150w, https:\/\/www.sidwaya.info\/wp-content\/uploads\/2021\/06\/banh-711x420.jpg 711w, https:\/\/www.sidwaya.info\/wp-content\/uploads\/2021\/06\/banh.jpg 738w\" sizes=\"auto, (max-width: 696px) 100vw, 696px\" alt=\"\" title=\"banh\"\/><\/a><figcaption class=\"wp-caption-text\">La population de Banh manifeste parce que leur maire aurait abandonn\u00e9 la commune.<\/figcaption><\/figure>\n<\/div>\n<p><strong>Les populations du village de Banh, dans la commune du m\u00eame nom, situ\u00e9e \u00e0 75km de Titao, dans la r\u00e9gion du Nord, ont manifest\u00e9 leur ras-le-bol devant les locaux de la mairie, vid\u00e9s depuis 2018, le jeudi 3 juin 2021. Elles ont d\u00e9nonc\u00e9 l\u2019abandon de leur commune par le bourgmestre.<\/strong><\/p>\n<p>Les populations du village de Banh, situ\u00e9e dans la r\u00e9gion du Nord, r\u00e9clament le d\u00e9part du maire, Ousmane Ouermi. Elles lui reprochent d\u2019avoir abandonn\u00e9 la commune et ses habitants depuis 2018. C\u2019est pourquoi, elles ont manifest\u00e9 leur ras-le-bol devant la mairie, le 3 juin 2021. Elles soutiennent \u00e9galement que les Volontaires pour la d\u00e9fense de patrie (VDP) charg\u00e9s de leur d\u00e9fense sont abandonn\u00e9s, car ils ne seraient pas assez outill\u00e9s pour mener \u00e0 bien leur mission. Face \u00e0 cette accusation, le maire a affirm\u00e9 qu\u2019il n\u2019en est rien. C\u2019est pour des raisons de s\u00e9curit\u00e9 qu\u2019il a quitt\u00e9 sa commune. \u00ab\u00a0Qu\u2019\u00e0 cela ne tienne, les conseillers vivent avec eux. Ils sont \u00e0 leur \u00e9coute.<\/p>\n<p>Pendant les sessions tenues \u00e0 Ouahigouya, ils me rendent compte des pr\u00e9occupations des populations. Nous tenons toutes nos sessions, m\u00eame si elles sont d\u00e9localis\u00e9es. La preuve, le 4 juin 2021, nous \u00e9tions en pleine session ordinaire \u00e0 Ouahigouya \u00bb, a-t-il pr\u00e9cis\u00e9. En effet, \u00e0 l\u2019entendre, il n\u2019a jamais abandonn\u00e9 sa commune.\u00a0\u00ab\u00a0Le seul b\u00e9mol est qu\u2019on manque v\u00e9ritablement de ressources financi\u00e8res pour mener certaines activit\u00e9s. A cause de l\u2019ins\u00e9curit\u00e9, les partenaires au d\u00e9veloppement sont partis et il est difficile d\u2019avoir des entreprises pour ex\u00e9cuter les march\u00e9s. Les boutiques et les march\u00e9s sont ferm\u00e9s. Pourtant la commune vit de la collecte des taxes\u00a0\u00bb, a-t-il expliqu\u00e9.<\/p>\n<p>Pour ce qui est du soutien des VDP, il a rassur\u00e9 que le conseil s\u2019attelle \u00e0 leur venir en aide. \u00ab\u00a0Avec l\u2019adoption du budget suppl\u00e9mentaire tr\u00e8s prochainement, nous pourrons faire quelque chose pour eux \u00bb, a promis le maire. A cet effet, il leur demande de la patience car tout finira par rentrer dans l\u2019ordre.\u00a0\u00ab\u00a0Je privil\u00e9gie le dialogue en toute chose. Je sugg\u00e8re que les populations exposent dor\u00e9navant leurs probl\u00e8mes aux conseillers de Banh centre, Amadoun Bamogo et Souleymane Zida. Ils sont \u00e0 leur \u00e9coute. On finira par trouver des solutions. Sinon demander mon d\u00e9part n\u2019est pas la solution\u00a0\u00bb, a fait comprendre, Ousmane Ouermi.<br \/>Il a dit avoir pris note des pr\u00e9occupations et compte travailler \u00e0 les satisfaire pour dissiper les craintes sur sa gestion.<\/p>\n<p class=\"c1\">\u00a0<strong>Fleur BIRBA<\/strong><\/p>\n<div class=\"td-a-rec td-a-rec-id-content_bottom tdi_33_b00 td_block_template_1\">\n<p><img loading=\"lazy\" decoding=\"async\" class=\"aligncenter size-full wp-image-27454\" src=\"https:\/\/www.sidwaya.info\/wp-content\/uploads\/2020\/10\/PUB-Bandeau-paiement-mobile-siteweb.jpg\" alt=\"\" width=\"728\" height=\"90\"\/><\/div>\n<p>Auteur: JK. Sidwaya<br \/>\n<a href=\"https:\/\/www.sidwaya.info\/blog\/2021\/06\/07\/commune-de-banh-des-populations-se-disent-abandonnees\/\">Cliquez ici pour lire l&rsquo;article depuis sa source.<\/a><\/p>\n","protected":false},"excerpt":{"rendered":"<p>La population de Banh manifeste parce que leur maire aurait abandonn\u00e9 la commune. Les populations du village de Banh, dans la commune du m\u00eame nom, situ\u00e9e \u00e0 75km de Titao, dans la r\u00e9gion du Nord, ont manifest\u00e9 leur ras-le-bol devant les locaux de la mairie, vid\u00e9s depuis 2018, le jeudi 3 juin 2021. Elles ont [&hellip;]<\/p>\n","protected":false},"author":1816,"featured_media":0,"comment_status":"closed","ping_status":"closed","sticky":false,"template":"","format":"standard","meta":{"fifu_image_url":"https:\/\/www.sidwaya.info\/wp-content\/uploads\/2021\/06\/banh-696x411.jpg","fifu_image_alt":"Commune de Banh : Des populations se disent \u00ab\u00a0abandonn\u00e9es\u00a0\u00bb","footnotes":""},"categories":[73,81],"tags":[],"class_list":["post-118173","post","type-post","status-publish","format-standard","hentry","category-actualite","category-burkina-faso"],"_links":{"self":[{"href":"https:\/\/linitiative.ca\/International\/wp-json\/wp\/v2\/posts\/118173","targetHints":{"allow":["GET"]}}],"collection":[{"href":"https:\/\/linitiative.ca\/International\/wp-json\/wp\/v2\/posts"}],"about":[{"href":"https:\/\/linitiative.ca\/International\/wp-json\/wp\/v2\/types\/post"}],"author":[{"embeddable":true,"href":"https:\/\/linitiative.ca\/International\/wp-json\/wp\/v2\/users\/1816"}],"replies":[{"embeddable":true,"href":"https:\/\/linitiative.ca\/International\/wp-json\/wp\/v2\/comments?post=118173"}],"version-history":[{"count":0,"href":"https:\/\/linitiative.ca\/International\/wp-json\/wp\/v2\/posts\/118173\/revisions"}],"wp:attachment":[{"href":"https:\/\/linitiative.ca\/International\/wp-json\/wp\/v2\/media?parent=118173"}],"wp:term":[{"taxonomy":"category","embeddable":true,"href":"https:\/\/linitiative.ca\/International\/wp-json\/wp\/v2\/categories?post=118173"},{"taxonomy":"post_tag","embeddable":true,"href":"https:\/\/linitiative.ca\/International\/wp-json\/wp\/v2\/tags?post=118173"}],"curies":[{"name":"wp","href":"https:\/\/api.w.org\/{rel}","templated":true}]}}