{"id":118175,"date":"2021-06-07T09:18:02","date_gmt":"2021-06-07T13:18:02","guid":{"rendered":"https:\/\/linitiative.ca\/International\/covid-19-les-ecoles-et-lieux-publics-fermes-en-ouganda\/"},"modified":"2021-06-07T09:18:02","modified_gmt":"2021-06-07T13:18:02","slug":"covid-19-les-ecoles-et-lieux-publics-fermes-en-ouganda","status":"publish","type":"post","link":"https:\/\/linitiative.ca\/International\/covid-19-les-ecoles-et-lieux-publics-fermes-en-ouganda\/","title":{"rendered":"Covid-19 : les \u00e9coles et lieux publics ferm\u00e9s en Ouganda"},"content":{"rendered":"<div readability=\"32\">\n<p>Publi\u00e9 le 07.06.2021 \u00e0 14h18 par APA News<\/p>\n<\/div>\n<div readability=\"50\">\n<p>L\u2019Ouganda conna\u00eet un nouveau pic de cas de coronavirus, incitant le pr\u00e9sident Yoweri Museveni \u00e0 ordonner la fermeture des \u00e9coles et autres lieux publics pendant 42 jours \u00e0 partir de ce lundi, a appris APA.Par ailleurs, les transports publics vont continuer de convoyer les \u00e9tudiants vers leurs districts d\u2019origine. Selon les nouvelles mesures, les bars, les cin\u00e9mas et les th\u00e9\u00e2tres seront ferm\u00e9s.<\/p>\n<p>Ces fermetures interviennent alors que les \u00e9coles ougandaises connaissent un pic de cas de Covid-19, notamment parmi les \u00e9l\u00e8ves. Dimanche, le minist\u00e8re ougandais de la Sant\u00e9 a signal\u00e9 1.259 nouveaux cas, soit le taux d\u2019infection le plus \u00e9lev\u00e9 en une journ\u00e9e et neuf d\u00e9c\u00e8s.<\/p>\n<p>A ce jour, 52.929 cas de coronavirus et 374 d\u00e9c\u00e8s ont \u00e9t\u00e9 signal\u00e9s en Ouganda.<\/p>\n<\/div>\n<p>Auteur: APA News<br \/>\n<a href=\"https:\/\/www.journalducameroun.com\/covid-19-les-ecoles-et-lieux-publics-fermes-en-ouganda\/\">Cliquez ici pour lire l&rsquo;article depuis sa source.<\/a><\/p>\n","protected":false},"excerpt":{"rendered":"<p>Publi\u00e9 le 07.06.2021 \u00e0 14h18 par APA News L\u2019Ouganda conna\u00eet un nouveau pic de cas de coronavirus, incitant le pr\u00e9sident Yoweri Museveni \u00e0 ordonner la fermeture des \u00e9coles et autres lieux publics pendant 42 jours \u00e0 partir de ce lundi, a appris APA.Par ailleurs, les transports publics vont continuer de convoyer les \u00e9tudiants vers leurs [&hellip;]<\/p>\n","protected":false},"author":1965,"featured_media":0,"comment_status":"closed","ping_status":"closed","sticky":false,"template":"","format":"standard","meta":{"fifu_image_url":"","fifu_image_alt":"","footnotes":""},"categories":[73,82],"tags":[],"class_list":["post-118175","post","type-post","status-publish","format-standard","hentry","category-actualite","category-cameroun"],"_links":{"self":[{"href":"https:\/\/linitiative.ca\/International\/wp-json\/wp\/v2\/posts\/118175","targetHints":{"allow":["GET"]}}],"collection":[{"href":"https:\/\/linitiative.ca\/International\/wp-json\/wp\/v2\/posts"}],"about":[{"href":"https:\/\/linitiative.ca\/International\/wp-json\/wp\/v2\/types\/post"}],"author":[{"embeddable":true,"href":"https:\/\/linitiative.ca\/International\/wp-json\/wp\/v2\/users\/1965"}],"replies":[{"embeddable":true,"href":"https:\/\/linitiative.ca\/International\/wp-json\/wp\/v2\/comments?post=118175"}],"version-history":[{"count":0,"href":"https:\/\/linitiative.ca\/International\/wp-json\/wp\/v2\/posts\/118175\/revisions"}],"wp:attachment":[{"href":"https:\/\/linitiative.ca\/International\/wp-json\/wp\/v2\/media?parent=118175"}],"wp:term":[{"taxonomy":"category","embeddable":true,"href":"https:\/\/linitiative.ca\/International\/wp-json\/wp\/v2\/categories?post=118175"},{"taxonomy":"post_tag","embeddable":true,"href":"https:\/\/linitiative.ca\/International\/wp-json\/wp\/v2\/tags?post=118175"}],"curies":[{"name":"wp","href":"https:\/\/api.w.org\/{rel}","templated":true}]}}