{"id":118177,"date":"2021-06-07T13:18:02","date_gmt":"2021-06-07T17:18:02","guid":{"rendered":"https:\/\/linitiative.ca\/International\/cote-divoire-20-milliards-fcfa-de-pertes-liees-a-la-cybercriminalite\/"},"modified":"2021-06-07T13:18:02","modified_gmt":"2021-06-07T17:18:02","slug":"cote-divoire-20-milliards-fcfa-de-pertes-liees-a-la-cybercriminalite","status":"publish","type":"post","link":"https:\/\/linitiative.ca\/International\/cote-divoire-20-milliards-fcfa-de-pertes-liees-a-la-cybercriminalite\/","title":{"rendered":"C\u00f4te d\u2019Ivoire: 20 milliards Fcfa de pertes li\u00e9es \u00e0 la cybercriminalit\u00e9"},"content":{"rendered":"<div readability=\"32\">\n<p>Publi\u00e9 le 07.06.2021 \u00e0 18h18 par APA News<\/p>\n<\/div>\n<div readability=\"103\">\n<p>La C\u00f4te d\u2019Ivoire a enregistr\u00e9 ces \u00ab\u00a0dix derni\u00e8res ann\u00e9es\u00a0\u00bb des pertes li\u00e9es \u00e0 la cybercriminalit\u00e9 de l\u2019ordre de 20 milliards Fcfa, a dit lundi le ministre ivoirien de l\u2019\u00c9conomie num\u00e9rique, des t\u00e9l\u00e9communications et de l\u2019innovation, Roger Adom.<\/p>\n<p>\u00ab Si on prend sur les dix derni\u00e8res ann\u00e9es, les montants touch\u00e9s, atteignent les 20 milliards de Fcfa et c\u2019est \u00e9norme \u00bb, a indiqu\u00e9 M. Roger Adom \u00e0 la presse, \u00e0 l\u2019issue de la c\u00e9r\u00e9monie d\u2019ouverture de l\u2019\u00e9dition 2021 de \u00ab\u00a0The Cyber Africa Forum\u00a0\u00bb, tenue \u00e0 Abidjan. \u00a0\u00a0<\/p>\n<p>M. Roger Adom, parrain de l\u2019\u00e9v\u00e9nement, a fait observer que tous les citoyens sont confront\u00e9s chaque jour au monde virtuel, que ce soit dans le monde rural que urbain, c\u2019est pourquoi \u00ab\u00a0il est n\u00e9cessaire que nous soyons prot\u00e9g\u00e9s\u00a0\u00bb, surtout les entreprises \u00e9voluant dans le cyberespace. \u00a0\u00a0<\/p>\n<p>Dans ce contexte, \u00ab\u00a0l\u2019Etat ivoirien fait en sorte que le num\u00e9rique soit un secteur de confiance\u00a0\u00bb, a-t-il ajout\u00e9, \u00e9voquant un identifiant digital qui devrait \u00eatre bient\u00f4t attribu\u00e9 pour toute personne vivant sur le sol ivoirien.\u00a0<\/p>\n<p>M. Franck Ki\u00e9, commissaire g\u00e9n\u00e9ral du Cyber Africa Forum, a fait savoir dans un discours que \u00ab\u00a0la cybercriminalit\u00e9 a co\u00fbt\u00e9 un total de 4 milliards de dollars \u00e0 l\u2019Afrique en 2020, et l\u2019int\u00e9r\u00eat des cybercriminels pour le continent ne fera que cro\u00eetre\u00a0\u00bb.\u00a0<\/p>\n<p>De ce fait, la sensibilisation s\u2019av\u00e8re pour les \u00c9tats un enjeux de s\u00e9curit\u00e9 informatique. Des experts estiment que les d\u00e9penses mondiales en mati\u00e8re de cyber s\u00e9curit\u00e9 d\u00e9passeront 170,4 milliards US d\u2019ici \u00e0 2022 et le nombre d\u2019internautes en Afrique devrait atteindre \u00ab\u00a0le milliard\u00a0\u00bb.\u00a0<\/p>\n<p>La num\u00e9risation croissante des \u00e9changes et des activit\u00e9s \u00e9conomiques ainsi que le d\u00e9veloppement de la menace cyber rendent plus urgent le besoin pour les pays Africains de se doter de personnels form\u00e9s et comp\u00e9tents dans le domaine de la cyber s\u00e9curit\u00e9.\u00a0<\/p>\n<p>Dr Zouli Bonkoungou, commissaire charg\u00e9 des T\u00e9l\u00e9coms et des technologies de l\u2019information de la Cedeao, repr\u00e9sentant M. Jean-Claude Brou, a d\u00e9clar\u00e9 que l\u2019organisation est engag\u00e9e \u00e0 assurer une int\u00e9gration des processus de s\u00e9curisation digitale de la r\u00e9gion. \u00a0<\/p>\n<p>Le ministre des Postes, des t\u00e9l\u00e9communications et de l\u2019\u00c9conomie num\u00e9rique de la Guin\u00e9e, Sa\u00efd Oumar, a relev\u00e9 qu\u2019il est important pour les politiques d\u2019encourager les jeunes \u00e0 innover dans le secteur, car \u00ab\u00a0le num\u00e9rique permettra le d\u00e9veloppement r\u00e9el et structur\u00e9 de l\u2019Afrique\u00a0\u00bb.<\/p>\n<p>M. Roger Adom a re\u00e7u le Prix Hamed Bakayoko, l\u2019ancien Premier ministre d\u00e9funt de la C\u00f4te d\u2019Ivoire, d\u00e9cern\u00e9 par Cyber Africa Forum pour son \u00ab\u00a0leadership\u00a0\u00bb dans le secteur des t\u00e9l\u00e9communications et de l\u2019\u00e9conomie num\u00e9rique.\u00a0<\/p>\n<\/div>\n<p>Auteur: APA News<br \/>\n<a href=\"https:\/\/www.journalducameroun.com\/cote-divoire-20-milliards-fcfa-de-pertes-liees-a-la-cybercriminalite\/\">Cliquez ici pour lire l&rsquo;article depuis sa source.<\/a><\/p>\n","protected":false},"excerpt":{"rendered":"<p>Publi\u00e9 le 07.06.2021 \u00e0 18h18 par APA News La C\u00f4te d\u2019Ivoire a enregistr\u00e9 ces \u00ab\u00a0dix derni\u00e8res ann\u00e9es\u00a0\u00bb des pertes li\u00e9es \u00e0 la cybercriminalit\u00e9 de l\u2019ordre de 20 milliards Fcfa, a dit lundi le ministre ivoirien de l\u2019\u00c9conomie num\u00e9rique, des t\u00e9l\u00e9communications et de l\u2019innovation, Roger Adom. \u00ab Si on prend sur les dix derni\u00e8res ann\u00e9es, les [&hellip;]<\/p>\n","protected":false},"author":1965,"featured_media":0,"comment_status":"closed","ping_status":"closed","sticky":false,"template":"","format":"standard","meta":{"fifu_image_url":"","fifu_image_alt":"","footnotes":""},"categories":[73,82],"tags":[],"class_list":["post-118177","post","type-post","status-publish","format-standard","hentry","category-actualite","category-cameroun"],"_links":{"self":[{"href":"https:\/\/linitiative.ca\/International\/wp-json\/wp\/v2\/posts\/118177","targetHints":{"allow":["GET"]}}],"collection":[{"href":"https:\/\/linitiative.ca\/International\/wp-json\/wp\/v2\/posts"}],"about":[{"href":"https:\/\/linitiative.ca\/International\/wp-json\/wp\/v2\/types\/post"}],"author":[{"embeddable":true,"href":"https:\/\/linitiative.ca\/International\/wp-json\/wp\/v2\/users\/1965"}],"replies":[{"embeddable":true,"href":"https:\/\/linitiative.ca\/International\/wp-json\/wp\/v2\/comments?post=118177"}],"version-history":[{"count":0,"href":"https:\/\/linitiative.ca\/International\/wp-json\/wp\/v2\/posts\/118177\/revisions"}],"wp:attachment":[{"href":"https:\/\/linitiative.ca\/International\/wp-json\/wp\/v2\/media?parent=118177"}],"wp:term":[{"taxonomy":"category","embeddable":true,"href":"https:\/\/linitiative.ca\/International\/wp-json\/wp\/v2\/categories?post=118177"},{"taxonomy":"post_tag","embeddable":true,"href":"https:\/\/linitiative.ca\/International\/wp-json\/wp\/v2\/tags?post=118177"}],"curies":[{"name":"wp","href":"https:\/\/api.w.org\/{rel}","templated":true}]}}