{"id":118178,"date":"2021-06-07T13:18:02","date_gmt":"2021-06-07T17:18:02","guid":{"rendered":"https:\/\/linitiative.ca\/International\/mali-le-colonel-goita-investi-president-de-la-transition\/"},"modified":"2021-06-07T13:18:02","modified_gmt":"2021-06-07T17:18:02","slug":"mali-le-colonel-goita-investi-president-de-la-transition","status":"publish","type":"post","link":"https:\/\/linitiative.ca\/International\/mali-le-colonel-goita-investi-president-de-la-transition\/","title":{"rendered":"Mali : le colonel Go\u00efta investi pr\u00e9sident de la transition"},"content":{"rendered":"<div readability=\"32\">\n<p>Publi\u00e9 le 07.06.2021 \u00e0 18h18 par APA News<\/p>\n<\/div>\n<div readability=\"109\">\n<p>A peine officiellement investi comme chef de l\u2019Etat de transition, le putschiste r\u00e9cidiviste de Bamako a nomm\u00e9 son Premier ministre civil et promis de respecter les engagements internationaux du Mali dont l\u2019organisation d\u2019\u00e9lections g\u00e9n\u00e9rales \u00ab aux \u00e9ch\u00e9ances pr\u00e9vues. \u00bbC\u2019est un colonel Assimi Go\u00efta rassurant qui s\u2019est pr\u00e9sent\u00e9 lundi 7 juin au Centre International de Conf\u00e9rence de Bamako (CICD) lors de son investiture officielle comme pr\u00e9sident de la transition au Mali. \u00ab Je voudrais rassurer les organisations sous r\u00e9gionales, r\u00e9gionales et la communaut\u00e9 internationale en g\u00e9n\u00e9ral que le Mali va honorer l\u2019ensemble de ses engagements pour et dans l\u2019int\u00e9r\u00eat sup\u00e9rieur de la nation\u00a0\u00bb, a d\u00e9clar\u00e9 le jeune putschiste r\u00e9cidiviste, auteur de deux coups d\u2019Etat en seulement neuf mois.<\/p>\n<p>Le premier avait eu lieu le 18 ao\u00fbt dernier, lorsque ce colonel de 38 ans qui commandait alors les forces sp\u00e9ciales de l\u2019arm\u00e9e malienne avait d\u00e9pos\u00e9, en compagnie d\u2019une poign\u00e9e de jeunes officiers, le pr\u00e9sident Ibrahim Boubacar Ke\u00efta (IBK) objet \u00e0 l\u2019\u00e9poque de vives contestations populaires.<\/p>\n<p>Le second coup du colonel Assimi Go\u00efta date du 24 mai dernier. Ce jour-l\u00e0, des militaires avaient proc\u00e9d\u00e9 \u00e0 l\u2019arrestation du pr\u00e9sident de transition, Bah Ndaw et de son Premier ministre, Moctar Ouane. Conduits au camp militaire de Kati, pr\u00e8s de Bamako, \u00e9picentre traditionnel des putschs au Mali, les deux hommes ont \u00e9t\u00e9 contraints \u00e0 la d\u00e9mission, puis plac\u00e9s en r\u00e9sidence surveill\u00e9e.<\/p>\n<p>Le colonel Go\u00efta et ses compagnons militaires avaient justifi\u00e9 ce second putsch en accusant le pr\u00e9sident de transition et son chef de gouvernement \u00ab d\u2019intention av\u00e9r\u00e9e de sabotage \u00bb\u00a0et de \u00ab violation de la charte de transition\u00a0\u00bb. Un texte que le chef putschiste avait largement inspir\u00e9 et qui lui donne, \u00e0 titre de vice-pr\u00e9sident, un droit de regard sur la composition du gouvernement notamment au niveau des fonctions de ministres en charge de la d\u00e9fense et de la s\u00e9curit\u00e9.<\/p>\n<p>C\u2019est un diff\u00e9rend avec le duo d\u00e9chu sur ces deux postes qui est \u00e0 l\u2019origine de ce second coup de force du jeune colonel. Le Premier ministre d\u00e9barqu\u00e9 avait \u00e9t\u00e9 reconduit une dizaine de jours plus t\u00f4t apr\u00e8s la d\u00e9mission de sa premi\u00e8re \u00e9quipe gouvernementale. Le nouveau cabinet qu\u2019il a rendu public le 24 mai excluait deux colonels proches de Go\u00efta : Sadio Camara et Modibo Kon\u00e9, dont la mise \u00e0 l\u2019\u00e9cart a \u00e9t\u00e9 per\u00e7ue comme un affront par le colonel Go\u00efta.<\/p>\n<p>Imm\u00e9diatement condamn\u00e9 par les partenaires du Mali, ce coup d\u2019Etat a valu au pays d\u2019\u00eatre suspendu aussi bien des instances de la Communaut\u00e9 \u00e9conomique des Etats de l\u2019Afrique de l\u2019Ouest (C\u00e9d\u00e9ao) que de l\u2019Union africaine (UA). Sans aller jusqu\u2019\u00e0 fermer les fronti\u00e8res avec le Mali ou d\u00e9cr\u00e9ter un embargo \u00e9conomique et commercial contre Bamako, comme le redoutaient nombre de Maliens, les deux organisations ont exig\u00e9 la nomination d\u2019un nouveau Premier ministre civil et le respect du calendrier de transition d\u00e9mocratique initialement fix\u00e9 et qui doit \u00eatre clos courant 2022 au plus tard.<\/p>\n<p>Pr\u00e9sente au Mali pour combattre les groupes jihadistes dans le nord du pays, la France, qui dispose de 5100 soldats dans la r\u00e9gion du Sahel, est all\u00e9e plus loin. Jeudi 3 juin, l\u2019ancienne puissance coloniale a annonc\u00e9 la suspension, \u00ab jusqu\u2019\u00e0 nouvel ordre \u00bb, de sa collaboration avec l\u2019arm\u00e9e malienne sur le terrain. Quatre jours auparavant, le pr\u00e9sident fran\u00e7ais Emmanuel Macron avait m\u00eame menac\u00e9 de retirer ses troupes du Mali s\u2019il n\u2019y avait \u00ab plus de l\u00e9gitimit\u00e9 d\u00e9mocratique ni de transition \u00bb dans ce pays et si Bamako \u00e9tait tent\u00e9 d\u2019aller \u00ab dans le sens \u00bb d\u2019un islamisme radical, en allusion \u00e0 un rapprochement \u00e9ventuel entre les putschistes de Bamako et les groupes islamistes arm\u00e9s actifs dans le nord et le centre du pays.<\/p>\n<p>Reconnu d\u00e9j\u00e0, depuis vendredi 28 mai, par la Cour constitutionnelle comme chef de l\u2019Etat, le jeune colonel est donc d\u00e9sormais officiellement pr\u00e9sident de la transition.<\/p>\n<p>Quelques instants apr\u00e8s son investiture dans la matin\u00e9e de lundi, le nouvel homme fort de Bamako a choisi Choguel Ma\u00efga, 63 ans, comme Premier ministre. V\u00e9t\u00e9ran de la sc\u00e8ne politique malienne depuis plus de 20 ans, cet ing\u00e9nieur en t\u00e9l\u00e9communications form\u00e9 dans l\u2019ex Union sovi\u00e9tique et plusieurs fois ministre par le pass\u00e9, \u00e9tait jusqu\u2019ici le pr\u00e9sident du comit\u00e9 strat\u00e9gique du Mouvement du 5 juin-Rassemblement des forces du progr\u00e8s (M5\/RFP). Un conglom\u00e9rat de partis politiques et d\u2019organisations de la soci\u00e9t\u00e9 civile \u00e0 l\u2019origine de la mobilisation populaire pour le d\u00e9part de l\u2019ancien pr\u00e9sident IBK et auquel le colonel Assimi Go\u00efta avait promis la t\u00eate du gouvernement lors d\u2019une audience avec ses chefs au lendemain de son nouveau coup d\u2019Etat.<\/p>\n<\/div>\n<p>Auteur: APA News<br \/>\n<a href=\"https:\/\/www.journalducameroun.com\/mali-le-colonel-goita-investi-president-de-la-transition\/\">Cliquez ici pour lire l&rsquo;article depuis sa source.<\/a><\/p>\n","protected":false},"excerpt":{"rendered":"<p>Publi\u00e9 le 07.06.2021 \u00e0 18h18 par APA News A peine officiellement investi comme chef de l\u2019Etat de transition, le putschiste r\u00e9cidiviste de Bamako a nomm\u00e9 son Premier ministre civil et promis de respecter les engagements internationaux du Mali dont l\u2019organisation d\u2019\u00e9lections g\u00e9n\u00e9rales \u00ab aux \u00e9ch\u00e9ances pr\u00e9vues. \u00bbC\u2019est un colonel Assimi Go\u00efta rassurant qui s\u2019est pr\u00e9sent\u00e9 [&hellip;]<\/p>\n","protected":false},"author":1965,"featured_media":0,"comment_status":"closed","ping_status":"closed","sticky":false,"template":"","format":"standard","meta":{"fifu_image_url":"","fifu_image_alt":"","footnotes":""},"categories":[73,82],"tags":[],"class_list":["post-118178","post","type-post","status-publish","format-standard","hentry","category-actualite","category-cameroun"],"_links":{"self":[{"href":"https:\/\/linitiative.ca\/International\/wp-json\/wp\/v2\/posts\/118178","targetHints":{"allow":["GET"]}}],"collection":[{"href":"https:\/\/linitiative.ca\/International\/wp-json\/wp\/v2\/posts"}],"about":[{"href":"https:\/\/linitiative.ca\/International\/wp-json\/wp\/v2\/types\/post"}],"author":[{"embeddable":true,"href":"https:\/\/linitiative.ca\/International\/wp-json\/wp\/v2\/users\/1965"}],"replies":[{"embeddable":true,"href":"https:\/\/linitiative.ca\/International\/wp-json\/wp\/v2\/comments?post=118178"}],"version-history":[{"count":0,"href":"https:\/\/linitiative.ca\/International\/wp-json\/wp\/v2\/posts\/118178\/revisions"}],"wp:attachment":[{"href":"https:\/\/linitiative.ca\/International\/wp-json\/wp\/v2\/media?parent=118178"}],"wp:term":[{"taxonomy":"category","embeddable":true,"href":"https:\/\/linitiative.ca\/International\/wp-json\/wp\/v2\/categories?post=118178"},{"taxonomy":"post_tag","embeddable":true,"href":"https:\/\/linitiative.ca\/International\/wp-json\/wp\/v2\/tags?post=118178"}],"curies":[{"name":"wp","href":"https:\/\/api.w.org\/{rel}","templated":true}]}}