{"id":118179,"date":"2021-06-07T14:18:02","date_gmt":"2021-06-07T18:18:02","guid":{"rendered":"https:\/\/linitiative.ca\/International\/des-gents-du-golf-hotel-dabidjan-en-greve-illimitee-pour-reclamer-8-mois-de-salaires\/"},"modified":"2021-06-07T14:18:02","modified_gmt":"2021-06-07T18:18:02","slug":"des-gents-du-golf-hotel-dabidjan-en-greve-illimitee-pour-reclamer-8-mois-de-salaires","status":"publish","type":"post","link":"https:\/\/linitiative.ca\/International\/des-gents-du-golf-hotel-dabidjan-en-greve-illimitee-pour-reclamer-8-mois-de-salaires\/","title":{"rendered":"Des gents du Golf h\u00f4tel d\u2019Abidjan en \u00ab\u00a0gr\u00e8ve illimit\u00e9e\u00a0\u00bb pour r\u00e9clamer \u00ab\u00a08 mois de salaires\u00a0\u00bb"},"content":{"rendered":"<div readability=\"32\">\n<p>Publi\u00e9 le 07.06.2021 \u00e0 19h18 par APA News<\/p>\n<\/div>\n<div readability=\"113\">\n<p>Plus d\u2019une trentaine d\u2019agents du Golf h\u00f4tel d\u2019Abidjan ont manifest\u00e9 lundi bruyamment devant le r\u00e9ceptif h\u00f4telier, se disant \u00eatre en \u00ab\u00a0gr\u00e8ve illimit\u00e9e\u00a0\u00bb pour r\u00e9clamer \u00ab\u00a0huit mois d\u2019arri\u00e9r\u00e9s de salaires\u00a0\u00bb et d\u00e9noncer un \u00ab\u00a0probl\u00e8me manag\u00e9rial\u00a0\u00bb.<\/p>\n<p>Avec des banderoles rouges arbor\u00e9es sur le Front ou sur le poignet, les agents gr\u00e9vistes manifestaient lundi \u00e0 l\u2019entr\u00e9e du r\u00e9ceptif h\u00f4telier, pour exiger \u00ab\u00a0huit mois de salaires\u00a0\u00bb et des primes impay\u00e9es.\u00a0<\/p>\n<p>M. St\u00e9phane Nguessan Kouam\u00e9, d\u00e9l\u00e9gu\u00e9 syndical de SYNTICI (Syndicat des travailleurs h\u00f4teliers de C\u00f4te d\u2019Ivoire), a d\u00e9clar\u00e9 que l\u2019objet principal de cette gr\u00e8ve est que le personnel cumule \u00ab\u00a0huit mois d\u2019arri\u00e9r\u00e9s de salaires\u00a0\u00bb.<\/p>\n<p>D\u2019abord, dira-t-il, \u00ab\u00a0il y a la gratification de 2020 qui n\u2019est pas encore pay\u00e9e\u00a0\u00bb et les salaires des mois d\u2019octobre, novembre et d\u00e9cembre 2020 puis de janvier, f\u00e9vrier, mars, avril et mai 2021 qui ne sont pas pay\u00e9s.<\/p>\n<p>Selon M. St\u00e9phane Nguessan Kouam\u00e9, la masse salariale mensuelle tourne \u00ab\u00a0autour de 52 millions de Fcfa\u00a0\u00bb. Et depuis pr\u00e8s de deux ans et demi, la direction g\u00e9n\u00e9rale va \u00ab\u00a0de promesses en promesses\u00a0\u00bb, ce qui a amen\u00e9 le syndicat \u00e0 cette gr\u00e8ve illimit\u00e9e.<\/p>\n<p>Le Golf h\u00f4tel, ouvert depuis 1978, a besoin \u00e0 en croire M. Kouam\u00e9, d\u2019une r\u00e9novation. Rebondissant sur l\u2019\u00e9tat des lieux, M. Guy-Marius Diedo, d\u00e9l\u00e9gu\u00e9 du personnel, estime que \u00ab\u00a0l\u2019h\u00f4tel, quoique vieillissant fonctionne\u00a0\u00bb.<\/p>\n<p>\u00ab\u00a0L\u2019h\u00f4tel \u00e0 tous ses services en marche et toutes les structures sont en place, sauf qu\u2019il y a un probl\u00e8me manag\u00e9rial qui fait qu\u2019aujourd\u2019hui, il n\u2019y a plus d\u2019entr\u00e9e \u00e0 l\u2019h\u00f4tel pour que les employ\u00e9s soient pay\u00e9s\u00a0\u00bb, a martel\u00e9 M. Diedo.<\/p>\n<p>La piscine, aujourd\u2019hui, \u00ab\u00a0est ferm\u00e9e pas pour des probl\u00e8mes techniques, mais pour une question de volont\u00e9 de la direction, alors que cette piscine a \u00e9t\u00e9 r\u00e9nov\u00e9e sur fonds de l\u2019h\u00f4tel suite \u00e0 une perfusion du pr\u00e9sident (de la R\u00e9publique) aux salaires des employ\u00e9s\u00a0\u00bb, a-t-il ajout\u00e9.<\/p>\n<p>En outre l\u2019espace de jeu du tennis \u00ab\u00a0n\u2019est plus sous la gestion de l\u2019h\u00f4tel, il est g\u00e9r\u00e9 par les vigiles et le DRH jette un coup d\u2019\u0153il pour voir comment les choses fonctionnent\u00a0\u00bb, a dit M. Diedo, ajoutant que \u00ab\u00a0le bar sens\u00e9 faire rentrer de l\u2019argent est sous gestion priv\u00e9e et les employ\u00e9s de l\u2019h\u00f4tel qui travaillent au bar ne sont pas r\u00e9mun\u00e9r\u00e9s par ce g\u00e9rant\u00a0\u00bb.\u00a0<\/p>\n<p>La direction g\u00e9n\u00e9rale a \u00ab\u00a0voulu tout mettre sur la Covid-19, sur le vieillissement de l\u2019\u00e9tablissement\u00a0\u00bb, a-t-il poursuivi. M. Kouam\u00e9 \u00e0 rench\u00e9ri mentionnant que l\u2019h\u00f4tel qui comptait \u00e0 l\u2019ouverture 306 chambres dispose aujourd\u2019hui de \u00ab\u00a0150 chambres vendables\u00a0\u00bb. \u00a0<\/p>\n<p>Contact\u00e9e, la direction g\u00e9n\u00e9rale n\u2019a pas souhait\u00e9 se prononcer sur cette situation. Les dirigeants envisagent d\u2019apaiser les employ\u00e9s, trouver une issue \u00e0 la crise qui secoue l\u2019\u00e9tablissement, avant de s\u2019ouvrir \u00e0 la presse.<\/p>\n<\/div>\n<p>Auteur: APA News<br \/>\n<a href=\"https:\/\/www.journalducameroun.com\/des-gents-du-golf-hotel-dabidjan-en-greve-illimitee-pour-reclamer-8-mois-de-salaires\/\">Cliquez ici pour lire l&rsquo;article depuis sa source.<\/a><\/p>\n","protected":false},"excerpt":{"rendered":"<p>Publi\u00e9 le 07.06.2021 \u00e0 19h18 par APA News Plus d\u2019une trentaine d\u2019agents du Golf h\u00f4tel d\u2019Abidjan ont manifest\u00e9 lundi bruyamment devant le r\u00e9ceptif h\u00f4telier, se disant \u00eatre en \u00ab\u00a0gr\u00e8ve illimit\u00e9e\u00a0\u00bb pour r\u00e9clamer \u00ab\u00a0huit mois d\u2019arri\u00e9r\u00e9s de salaires\u00a0\u00bb et d\u00e9noncer un \u00ab\u00a0probl\u00e8me manag\u00e9rial\u00a0\u00bb. Avec des banderoles rouges arbor\u00e9es sur le Front ou sur le poignet, les [&hellip;]<\/p>\n","protected":false},"author":1965,"featured_media":0,"comment_status":"closed","ping_status":"closed","sticky":false,"template":"","format":"standard","meta":{"fifu_image_url":"","fifu_image_alt":"","footnotes":""},"categories":[73,82],"tags":[],"class_list":["post-118179","post","type-post","status-publish","format-standard","hentry","category-actualite","category-cameroun"],"_links":{"self":[{"href":"https:\/\/linitiative.ca\/International\/wp-json\/wp\/v2\/posts\/118179","targetHints":{"allow":["GET"]}}],"collection":[{"href":"https:\/\/linitiative.ca\/International\/wp-json\/wp\/v2\/posts"}],"about":[{"href":"https:\/\/linitiative.ca\/International\/wp-json\/wp\/v2\/types\/post"}],"author":[{"embeddable":true,"href":"https:\/\/linitiative.ca\/International\/wp-json\/wp\/v2\/users\/1965"}],"replies":[{"embeddable":true,"href":"https:\/\/linitiative.ca\/International\/wp-json\/wp\/v2\/comments?post=118179"}],"version-history":[{"count":0,"href":"https:\/\/linitiative.ca\/International\/wp-json\/wp\/v2\/posts\/118179\/revisions"}],"wp:attachment":[{"href":"https:\/\/linitiative.ca\/International\/wp-json\/wp\/v2\/media?parent=118179"}],"wp:term":[{"taxonomy":"category","embeddable":true,"href":"https:\/\/linitiative.ca\/International\/wp-json\/wp\/v2\/categories?post=118179"},{"taxonomy":"post_tag","embeddable":true,"href":"https:\/\/linitiative.ca\/International\/wp-json\/wp\/v2\/tags?post=118179"}],"curies":[{"name":"wp","href":"https:\/\/api.w.org\/{rel}","templated":true}]}}