{"id":118181,"date":"2021-06-07T12:17:21","date_gmt":"2021-06-07T16:17:21","guid":{"rendered":"https:\/\/linitiative.ca\/International\/les-employes-du-matgenie-en-greve-pour-13-mois-de-salaires-impayes\/"},"modified":"2021-06-07T12:17:21","modified_gmt":"2021-06-07T16:17:21","slug":"les-employes-du-matgenie-en-greve-pour-13-mois-de-salaires-impayes","status":"publish","type":"post","link":"https:\/\/linitiative.ca\/International\/les-employes-du-matgenie-en-greve-pour-13-mois-de-salaires-impayes\/","title":{"rendered":"Les employ\u00e9s du Matg\u00e9nie en gr\u00e8ve pour 13 mois de salaires impay\u00e9s"},"content":{"rendered":"<p>Les employ\u00e9s du Matgenie (Parc national de mat\u00e9riel de g\u00e9nie civil) ont mis en ex\u00e9cution leur menace. Depuis le 7 juin 2021, ces derniers observent un mouvement de gr\u00e8ve. Devant les locaux de cet \u00e9tablissement public (Yaound\u00e9 et Douala notamment), quelques personnels sont positionn\u00e9s munis de pancartes sur lesquelles s\u2019affiche \u00abau secours M. Le Pr\u00e9sident de la R\u00e9publique, trop c\u2019est trop, nous sommes fatigu\u00e9s, 13 mois de salaire, c\u2019est inhumain\u00bb. Nous apprendrons de l\u2019un des manifestants que \u00able mouvement de gr\u00e8ve est la r\u00e9sultante d\u2019un ras-le-bol des employ\u00e9s face aux injustices subies de la part des responsables du Matgenie\u00bb. Sous anonymat. Hormis, la revendication salariale, les responsables du Syndicat des b\u00e2timents et des travaux publics revendiquent \u00e9galement le remboursement des retenues salariales au titre de frais de cotisation pour la mutuelle (retenues infond\u00e9es pour une mutuelle inexistante, d\u2019apr\u00e8s les gr\u00e9vistes), le paiement des droits du personnel admis \u00e0 faire valoir leurs droits \u00e0 la retraite, le paiement des rappels d\u2019avance, des arri\u00e9r\u00e9s d\u2019allocations familiales de plus de 20 ans, la violation de la libert\u00e9 syndicale et le versement des cotisations sociales etc\u2026<\/p>\n<p>Les protestataires \u00e9voquent par ailleurs un malaise social profond au sein de cette entreprise dirig\u00e9e par D\u00e9sir\u00e9 Abogo Ntang. Malaise, disent-ils, cons\u00e9cutifs aux \u00abmauvais choix manag\u00e9riaux du Directeur g\u00e9n\u00e9ral\u00bb. Face \u00e0 une grogne interne pressante, le top management du Matgenie a invit\u00e9, le 30 avril 2021 \u00e0 Yaound\u00e9,\u00a0 les responsables syndicaux et d\u00e9l\u00e9gu\u00e9s du personnel, ainsi que le personnel (Direction g\u00e9n\u00e9rale, Agence commerciale du Centre et Centre de formation professionnelle des conducteurs de Yaound\u00e9), autour de la table pour n\u00e9gociations. En r\u00e9alit\u00e9, pour une communication sp\u00e9ciale qui portait essentiellement sur la situation des arri\u00e9r\u00e9s de salaire du personnel : \u00able Directeur g\u00e9n\u00e9ral avait pris des engagements visant \u00e0 \u00e9ponger de mani\u00e8re progressive nos arri\u00e9r\u00e9s de salaires. A cet effet, la promesse du paiement de deux mois de salaires au mois de mai en cours avait \u00e9t\u00e9 faite\u00bb, indique\u00a0 Francis Henri Essomba, le porte-parole des d\u00e9l\u00e9gu\u00e9s du personnel du Matgenie.<\/p>\n<p>Le 28 mai 2021, ces derniers apprendront au cours d\u2019une autre rencontre avec D\u00e9sir\u00e9 Abogo Ntang, que \u00abl\u2019engagement du Directeur g\u00e9n\u00e9ral de payer deux mois de salaires au mois de mai (\u2026) \u00e9tait conditionn\u00e9 par le paiement de deux d\u00e9comptes des travaux par le Minist\u00e8re des travaux publics\u00bb. La s\u00e9ance de travail entre la Direction g\u00e9n\u00e9rale et le personnel du Matgenie d\u00e9bouche finalement sur un d\u00e9saccord entre les parties, du fait d\u2019un \u00ab\u00a0glissement de date\u00a0\u00bb relatif au paiement des deux mois de salaires promis. Motif \u00e9voqu\u00e9 par la Direction g\u00e9n\u00e9rale, des retards accus\u00e9s sur le paiement des d\u00e9comptes attendus du Minist\u00e8re des travaux publics. Rendu au 7 juin 2021, la concr\u00e9tisation des promesses de la Direction g\u00e9n\u00e9rale du Matgenie demeurent attendues. D\u2019o\u00f9 le mouvement d\u2019humeur \u00e0 caract\u00e8re national.\u00a0La Direction g\u00e9n\u00e9rale du Matgenie rencontr\u00e9e par l\u2019Honorable Rolande Ngo Issi, D\u00e9put\u00e9e Pcrn, justifie la situation par \u00ables\u00a0difficult\u00e9s que l\u2019entreprise traverse du fait du manque de subventions que l\u2019Etat payait jadis, du retard de paiement par les prestataires en l\u2019occurrence l\u2019Etat. Tous\u00a0ces facteurs ont, selon lui, entra\u00een\u00e9 des tensions de tr\u00e9sorerie\u00bb, explique l\u2019\u00e9lue de la nation dans un message.\u00a0<\/p>\n<p>De qui on apprendra par ailleurs que les responsables du Matgenie proposent\u00a0deux solutions pour une sortie de crise: l\u2019une administrative et l\u2019autre politique.<\/p>\n<p>\u00abPour le volet administratif,\u00a0 il est urgent\u00a0 pour les pouvoirs publics de rem\u00e9dier rapidement \u00e0\u00a0 cette situation en r\u00e9glant les factures en attente dans leurs services. Cette urgence de paiement adresse \u00e9galement tous les autres prestataires. Nous initierons prestement des d\u00e9marches aupr\u00e8s des structures gouvernementales comp\u00e9tentes. Pour\u00a0le volet politique, il urge que le Chef de l\u2019Etat qui conna\u00eet le probl\u00e8me de l\u2019entreprise Matgenie, prenne les mesures n\u00e9cessaires. Il s\u2019agit d\u2019un outil crucial de service public plong\u00e9 dans une inacceptable d\u00e9cr\u00e9pitude. Dans ce sens, nous lui adresserons un courrier assorties de propositions\u00bb, ajoute l\u2019Honorable Rolande Ngo Issi. Le Matgenie a \u00e9t\u00e9 cr\u00e9\u00e9 le 27 d\u00e9cembre 1967.\u00a0Il a, entre autres missions, la charge d\u2019assurer l\u2019acquisition, la maintenance, le renouvellement et la location du mat\u00e9riel utilis\u00e9 par les services administratifs et les collectivit\u00e9s publiques, et destin\u00e9 \u00e0 la construction et \u00e0 l\u2019entretien du r\u00e9seau routier national.\u00a0<\/p>\n<p>Auteur: Georges Semey<br \/>\n<a href=\"https:\/\/ecomatin.net\/les-employes-du-matgenie-en-grevee-pour-13-mois-de-salaires-impayes\/\">Cliquez ici pour lire l&rsquo;article depuis sa source.<\/a><\/p>\n","protected":false},"excerpt":{"rendered":"<p>Les employ\u00e9s du Matgenie (Parc national de mat\u00e9riel de g\u00e9nie civil) ont mis en ex\u00e9cution leur menace. Depuis le 7 juin 2021, ces derniers observent un mouvement de gr\u00e8ve. Devant les locaux de cet \u00e9tablissement public (Yaound\u00e9 et Douala notamment), quelques personnels sont positionn\u00e9s munis de pancartes sur lesquelles s\u2019affiche \u00abau secours M. Le Pr\u00e9sident [&hellip;]<\/p>\n","protected":false},"author":1969,"featured_media":0,"comment_status":"closed","ping_status":"closed","sticky":false,"template":"","format":"standard","meta":{"fifu_image_url":"","fifu_image_alt":"","footnotes":""},"categories":[82,78],"tags":[],"class_list":["post-118181","post","type-post","status-publish","format-standard","hentry","category-cameroun","category-economie"],"_links":{"self":[{"href":"https:\/\/linitiative.ca\/International\/wp-json\/wp\/v2\/posts\/118181","targetHints":{"allow":["GET"]}}],"collection":[{"href":"https:\/\/linitiative.ca\/International\/wp-json\/wp\/v2\/posts"}],"about":[{"href":"https:\/\/linitiative.ca\/International\/wp-json\/wp\/v2\/types\/post"}],"author":[{"embeddable":true,"href":"https:\/\/linitiative.ca\/International\/wp-json\/wp\/v2\/users\/1969"}],"replies":[{"embeddable":true,"href":"https:\/\/linitiative.ca\/International\/wp-json\/wp\/v2\/comments?post=118181"}],"version-history":[{"count":0,"href":"https:\/\/linitiative.ca\/International\/wp-json\/wp\/v2\/posts\/118181\/revisions"}],"wp:attachment":[{"href":"https:\/\/linitiative.ca\/International\/wp-json\/wp\/v2\/media?parent=118181"}],"wp:term":[{"taxonomy":"category","embeddable":true,"href":"https:\/\/linitiative.ca\/International\/wp-json\/wp\/v2\/categories?post=118181"},{"taxonomy":"post_tag","embeddable":true,"href":"https:\/\/linitiative.ca\/International\/wp-json\/wp\/v2\/tags?post=118181"}],"curies":[{"name":"wp","href":"https:\/\/api.w.org\/{rel}","templated":true}]}}