{"id":118182,"date":"2021-06-07T12:37:24","date_gmt":"2021-06-07T16:37:24","guid":{"rendered":"https:\/\/linitiative.ca\/International\/climat-social-dion-ngute-ne-veut-pas-dialoguer-avec-les-syndicats\/"},"modified":"2021-06-07T12:37:24","modified_gmt":"2021-06-07T16:37:24","slug":"climat-social-dion-ngute-ne-veut-pas-dialoguer-avec-les-syndicats","status":"publish","type":"post","link":"https:\/\/linitiative.ca\/International\/climat-social-dion-ngute-ne-veut-pas-dialoguer-avec-les-syndicats\/","title":{"rendered":"Climat social : Dion Ngute ne veut pas dialoguer avec les syndicats"},"content":{"rendered":"<p>L\u2019agenda du Premier ministre doit \u00eatre bien charg\u00e9 depuis des semaines. Du moins, c\u2019est l\u2019explication la plus logique que l\u2019on puisse trouver pour au refus que ses Services ont oppos\u00e9 \u00e0 la demande d\u2019audience des leaders des conf\u00e9d\u00e9rations syndicales des travailleurs du Cameroun. Dans la foul\u00e9e de la c\u00e9l\u00e9bration de la 135e f\u00eate internationale du travail, 1er mai 2021, les pr\u00e9sidents de l\u2019Union g\u00e9n\u00e9rale des travailleurs du Cameroun (Ugtc), Isaac Bissala, la conf\u00e9d\u00e9ration syndicale des travailleurs du Cameroun (Cstc), Abraham Baboule, la Conf\u00e9d\u00e9ration syndicale autonome du Cameroun (Csac), l\u2019union des syndicats libres du Cameroun (Uslc) et la Conf\u00e9d\u00e9ration camerounaise du travail (CCT), Antoinette Tangono ont dress\u00e9 un \u00ab Cahier des revendications des travailleurs \u00bb adress\u00e9 au gouvernement. Las d\u2019attendre une audience avec le Chef du gouvernement pour lui remettre publiquement ces revendications, les leaders syndicaux ont d\u00fb le lui transmettre par courrier le 17 mai 2021.<\/p>\n<p><strong>Lire aussi<\/strong> : <strong><a href=\"https:\/\/ecomatin.net\/lutte-contre-la-covid-19-la-coalition-patronat-confederations-syndicales-au-point-mort\/\">Lutte contre la Covid-19 : la coalition patronat-conf\u00e9d\u00e9rations syndicales au point mort<\/a><\/strong><\/p>\n<p>Dans ce document dont Ecomatin a obtenu copie, les pr\u00e9sidents conf\u00e9d\u00e9raux dressent un chapelet de propositions pour un monde du travail \u00ab id\u00e9al \u00bb. De la libert\u00e9 syndicale \u00e0 la lutte contre la pauvret\u00e9 en passant par la s\u00e9curit\u00e9 au travail, la s\u00e9curit\u00e9 sociale, etc. les syndicalistes appellent d\u2019urgence \u00e0 une r\u00e9union tripartite organis\u00e9e aux Services du Premier ministre pour trouver des solutions aux probl\u00e8mes pos\u00e9s par les travailleurs. \u201cSi rien n\u2019est fait, pour encourager les choses, les conf\u00e9d\u00e9rations syndicales des travailleurs sont pr\u00eates \u00e0 prendre leurs responsabilit\u00e9s\u201d, pr\u00e9viennent-ils.<\/p>\n<p>Au niveau de la libert\u00e9 syndicale, les repr\u00e9sentants des travailleurs demandent ainsi que gouvernement, de prendre toutes les dispositions pour prot\u00e9ger les responsables syndicaux et les syndiqu\u00e9s dans toutes les entreprises ; d\u2019emmener les entreprises \u00e0 respecter la Convention n\u00b087 de l\u2019OIT sur la libert\u00e9 syndicale et la protection du droit syndicale ; d\u2019amener les employeurs \u00e0 appliquer les conventions collectives ; d\u2019engager les n\u00e9gociations des conventions collectives dans les secteurs qui n\u2019en ont pas et \u00e0 r\u00e9viser celles arriv\u00e9es \u00e0 terme.<\/p>\n<p><strong>Travail d\u00e9cent<\/strong><\/p>\n<p>Pour la sant\u00e9 au travail, il est demand\u00e9 au gouvernement de convoquer la Commission nationale de sant\u00e9 et de s\u00e9curit\u00e9 au travail pour la r\u00e9vision de l\u2019arr\u00eat\u00e9 n\u00b0039\/MTPS\/IMT fixant les mesures g\u00e9n\u00e9rales d\u2019hygi\u00e8ne et de s\u00e9curit\u00e9 sur les lieux de travail. De m\u00eame, les leaders syndicaux enjoignent le gouvernement d\u2019user de tous les moyens pour amener la Caisse nationale de pr\u00e9voyance sociale (Cnps) \u00e0 payer les allocations familiales \u00e0 tous les travailleurs et de les revaloriser suite \u00e0 la d\u00e9cision du chef de l\u2019Etat d\u2019avril 2020; payer les pensions \u00e0 tous les retrait\u00e9s que leurs employeurs soient d\u00e9biteurs ou non de la Cnps.<\/p>\n<p><strong>Lire aussi<\/strong> : <strong><a href=\"https:\/\/ecomatin.net\/securite-sociale-les-reserves-des-syndicatsss-contre-le-projet-de-la-couverture-sante-universelle-au-cameroun\/\">S\u00e9curit\u00e9 sociale : les r\u00e9serves des syndicats sur le projet de la couverture sant\u00e9 universelle au Cameroun<\/a><\/strong><\/p>\n<p>Sur un autre plan, les pr\u00e9sidents des conf\u00e9d\u00e9rations syndicales demandent le rel\u00e8vement du Smig, fix\u00e9 \u00e0 36 270 FCFA depuis 2014. Isaac Bissala et ses camarades pensent que ce montant a \u00e9t\u00e9 arr\u00eat\u00e9 sans tenir compte des besoins essentiels pour une vie d\u00e9cente du travailleur, notamment \u201cle prix de la nourriture suffisante au travailleur et sa famille ; les d\u00e9penses de l\u2019habillement pour le travailleur et sa famille ; les d\u00e9penses permettant d\u2019assurer un logement d\u00e9cent ; des d\u00e9penses permettant d\u2019assurer la sant\u00e9 du travailleur et sa famille ; d\u2019une marge suffisante devant permettre au travailleur de faire des \u00e9conomies.\u201d<\/p>\n<p>Enfin, les syndicalistes plaident pour la mise \u00e0 la disposition du service public d\u2019emploi, les moyens n\u00e9cessaires afin que celui-ci puisse mener \u00e0 terme ses programmes de placement des jeunes. Question de r\u00e9duire le ch\u00f4mage des jeunes.<\/p>\n<p><strong>Lire aussi<\/strong> : <strong><a href=\"https:\/\/ecomatin.net\/fete-du-travail-pres-de-15-dentreprises-nont-pas-de-comite-dhygiene-et-de-securite\/\">F\u00eate du travail : pr\u00e8s de 15% d\u2019entreprises n\u2019ont pas de comit\u00e9 d\u2019hygi\u00e8ne et de s\u00e9curit\u00e9<\/a><\/strong><\/p>\n<p>Auteur: Philipe NSOA<br \/>\n<a href=\"https:\/\/ecomatin.net\/climat-social-dion-ngute-ne-veut-pas-dialoguer-avec-les-syndicats\/\">Cliquez ici pour lire l&rsquo;article depuis sa source.<\/a><\/p>\n","protected":false},"excerpt":{"rendered":"<p>L\u2019agenda du Premier ministre doit \u00eatre bien charg\u00e9 depuis des semaines. Du moins, c\u2019est l\u2019explication la plus logique que l\u2019on puisse trouver pour au refus que ses Services ont oppos\u00e9 \u00e0 la demande d\u2019audience des leaders des conf\u00e9d\u00e9rations syndicales des travailleurs du Cameroun. Dans la foul\u00e9e de la c\u00e9l\u00e9bration de la 135e f\u00eate internationale du [&hellip;]<\/p>\n","protected":false},"author":1969,"featured_media":0,"comment_status":"closed","ping_status":"closed","sticky":false,"template":"","format":"standard","meta":{"fifu_image_url":"","fifu_image_alt":"","footnotes":""},"categories":[82,78],"tags":[],"class_list":["post-118182","post","type-post","status-publish","format-standard","hentry","category-cameroun","category-economie"],"_links":{"self":[{"href":"https:\/\/linitiative.ca\/International\/wp-json\/wp\/v2\/posts\/118182","targetHints":{"allow":["GET"]}}],"collection":[{"href":"https:\/\/linitiative.ca\/International\/wp-json\/wp\/v2\/posts"}],"about":[{"href":"https:\/\/linitiative.ca\/International\/wp-json\/wp\/v2\/types\/post"}],"author":[{"embeddable":true,"href":"https:\/\/linitiative.ca\/International\/wp-json\/wp\/v2\/users\/1969"}],"replies":[{"embeddable":true,"href":"https:\/\/linitiative.ca\/International\/wp-json\/wp\/v2\/comments?post=118182"}],"version-history":[{"count":0,"href":"https:\/\/linitiative.ca\/International\/wp-json\/wp\/v2\/posts\/118182\/revisions"}],"wp:attachment":[{"href":"https:\/\/linitiative.ca\/International\/wp-json\/wp\/v2\/media?parent=118182"}],"wp:term":[{"taxonomy":"category","embeddable":true,"href":"https:\/\/linitiative.ca\/International\/wp-json\/wp\/v2\/categories?post=118182"},{"taxonomy":"post_tag","embeddable":true,"href":"https:\/\/linitiative.ca\/International\/wp-json\/wp\/v2\/tags?post=118182"}],"curies":[{"name":"wp","href":"https:\/\/api.w.org\/{rel}","templated":true}]}}