{"id":118188,"date":"2021-06-08T11:20:01","date_gmt":"2021-06-08T15:20:01","guid":{"rendered":"https:\/\/linitiative.ca\/International\/ondh-net-recul-du-taux-de-la-pauvrete-absolue-a-12\/"},"modified":"2021-06-08T11:20:01","modified_gmt":"2021-06-08T15:20:01","slug":"ondh-net-recul-du-taux-de-la-pauvrete-absolue-a-12","status":"publish","type":"post","link":"https:\/\/linitiative.ca\/International\/ondh-net-recul-du-taux-de-la-pauvrete-absolue-a-12\/","title":{"rendered":"ONDH: net recul du taux de la pauvret\u00e9 absolue \u00e0 1,2%"},"content":{"rendered":"<figure class=\"post-thumbnail\" itemprop=\"associatedMedia\" itemscope=\"itemscope\" itemtype=\"http:\/\/schema.org\/ImageObject\"><img decoding=\"async\" class=\"post_layout_5_img\" src=\"http:\/\/aujourdhui.ma\/wp-content\/uploads\/2018\/03\/ONDH-.jpg\" alt=\"ONDH: net recul du taux de la pauvret\u00e9 absolue \u00e0 1,2%\"\/><\/figure>\n<p><span class=\"c6\"><strong>Le taux de pauvret\u00e9 absolue a nettement recul\u00e9 depuis 2001 pour ne repr\u00e9senter que 1,2% en 2019, dans un contexte d\u2019am\u00e9lioration globale du niveau de vie des Marocains, en particulier en milieu urbain, selon l\u2019Observatoire national du d\u00e9veloppement humain (ONDH).<\/strong><\/span><span id=\"more-378563\"\/><\/p>\n<p>Pour sa part, le taux de pauvret\u00e9 relative a enregistr\u00e9 une baisse entre 2001 et 2019, puisqu\u2019il est pass\u00e9 de 20,4% \u00e0 17,7%, fait savoir l\u2019ONDH dans une \u00e9tude sur \u00ab\u00a0La dynamique de la pauvret\u00e9 au Maroc\u00a0\u00bb, dont les r\u00e9sultats ont \u00e9t\u00e9 pr\u00e9sent\u00e9s, mardi, lors d\u2019un webinaire.<\/p>\n<p>Le taux de pauvret\u00e9 relative se maintient \u00e0 un niveau encore \u00e9lev\u00e9, surtout en milieu rural o\u00f9 il a atteint 36,8% en 2019. Durant la m\u00eame p\u00e9riode, l\u2019incidence de la pauvret\u00e9 relative a recul\u00e9 en milieu urbain de 9% \u00e0 6,4%.<\/p>\n<p>L\u2019\u00e9tude r\u00e9v\u00e8le \u00e9galement qu\u2019en 2019, pr\u00e8s de 45% des Marocains se consid\u00e8rent subjectivement pauvres (38,6% dans le milieu urbain et 58,4% dans le milieu rural), notant que la pauvret\u00e9 subjective (pourcentage des chefs de m\u00e9nages qui se consid\u00e8rent en situation de pauvret\u00e9) affecte l\u2019ensemble des classes sociales mais \u00e0 des niveaux diff\u00e9rents.<\/p>\n<p>Ainsi, le taux de pauvret\u00e9 subjective a \u00e9t\u00e9 de 55,7% parmi les 20% les plus pauvres et 26,7% parmi les 20% les plus ais\u00e9s, fait savoir la m\u00eame source.<\/p>\n<p>Au niveau national, 48,5% de la population a connu au moins une fois une exp\u00e9rience de pauvret\u00e9 entre 2012 et 2019. De m\u00eame, 18,2% des individus ont \u00e9t\u00e9, entre 2012 et 2019, en situation de pauvret\u00e9 chronique (34,4% en milieu rural contre 5,5% en milieu urbain).<\/p>\n<p>Quant \u00e0 la pauvret\u00e9 transitoire, elle a concern\u00e9 30,3% des individus au niveau national (21,9% citadins contre 41,3% ruraux).<\/p>\n<p>Par ailleurs, l\u2019\u00e9tude des mouvements \u00e0 travers le seuil de pauvret\u00e9 relative entre 2012 et 2019 montre qu\u2019un individu vivant dans un m\u00e9nage pauvre a 56% de chance de se soustraire de cette situation, tandis que le risque d\u2019entr\u00e9e en pauvret\u00e9 d\u2019un individu issu d\u2019un m\u00e9nage non pauvre est de 13,7%.<\/p>\n<p>La probabilit\u00e9 qu\u2019un individu pauvre en 2012 le reste encore en 2019 est de 43,3%, souligne l\u2019ONDH, qui pr\u00e9cise que l\u2019approche longitudinale retenue dans son analyse permet d\u2019\u00e9clairer les facteurs d\u00e9terminants de l\u2019entr\u00e9e en pauvret\u00e9.<\/p>\n<p>Ainsi, l\u2019analyse \u00e9conom\u00e9trique a r\u00e9v\u00e9l\u00e9 que la composition familiale (nombre d\u2019enfants, monoparentalit\u00e9,etc.), la situation dans l\u2019emploi et le niveau de scolarit\u00e9 de l\u2019individu ou du chef du m\u00e9nage auquel il appartient constituent des facteurs cl\u00e9s d\u2019entr\u00e9e dans la pauvret\u00e9 relative.<\/p>\n<p>De m\u00eame, par rapport \u00e0 l\u2019\u00e9chantillon observ\u00e9 entre 2012 et 2019, le fait de conna\u00eetre une premi\u00e8re exp\u00e9rience de pauvret\u00e9 accro\u00eet les risques d\u2019entr\u00e9e \u00e0 nouveau en pauvret\u00e9, estime l\u2019ONDH.<\/p>\n<p>Auteur: ALM<br \/>\n<a href=\"https:\/\/aujourdhui.ma\/actualite\/ondh-net-recul-du-taux-de-la-pauvrete-absolue-a-12\">Cliquez ici pour lire l&rsquo;article depuis sa source.<\/a><\/p>\n","protected":false},"excerpt":{"rendered":"<p>Le taux de pauvret\u00e9 absolue a nettement recul\u00e9 depuis 2001 pour ne repr\u00e9senter que 1,2% en 2019, dans un contexte d\u2019am\u00e9lioration globale du niveau de vie des Marocains, en particulier en milieu urbain, selon l\u2019Observatoire national du d\u00e9veloppement humain (ONDH). Pour sa part, le taux de pauvret\u00e9 relative a enregistr\u00e9 une baisse entre 2001 et [&hellip;]<\/p>\n","protected":false},"author":1759,"featured_media":0,"comment_status":"closed","ping_status":"closed","sticky":false,"template":"","format":"standard","meta":{"fifu_image_url":"http:\/\/aujourdhui.ma\/wp-content\/uploads\/2018\/03\/ONDH-.jpg","fifu_image_alt":"ONDH: net recul du taux de la pauvret\u00e9 absolue \u00e0 1,2%","footnotes":""},"categories":[73,54],"tags":[],"class_list":["post-118188","post","type-post","status-publish","format-standard","hentry","category-actualite","category-maroc"],"_links":{"self":[{"href":"https:\/\/linitiative.ca\/International\/wp-json\/wp\/v2\/posts\/118188","targetHints":{"allow":["GET"]}}],"collection":[{"href":"https:\/\/linitiative.ca\/International\/wp-json\/wp\/v2\/posts"}],"about":[{"href":"https:\/\/linitiative.ca\/International\/wp-json\/wp\/v2\/types\/post"}],"author":[{"embeddable":true,"href":"https:\/\/linitiative.ca\/International\/wp-json\/wp\/v2\/users\/1759"}],"replies":[{"embeddable":true,"href":"https:\/\/linitiative.ca\/International\/wp-json\/wp\/v2\/comments?post=118188"}],"version-history":[{"count":0,"href":"https:\/\/linitiative.ca\/International\/wp-json\/wp\/v2\/posts\/118188\/revisions"}],"wp:attachment":[{"href":"https:\/\/linitiative.ca\/International\/wp-json\/wp\/v2\/media?parent=118188"}],"wp:term":[{"taxonomy":"category","embeddable":true,"href":"https:\/\/linitiative.ca\/International\/wp-json\/wp\/v2\/categories?post=118188"},{"taxonomy":"post_tag","embeddable":true,"href":"https:\/\/linitiative.ca\/International\/wp-json\/wp\/v2\/tags?post=118188"}],"curies":[{"name":"wp","href":"https:\/\/api.w.org\/{rel}","templated":true}]}}