{"id":118190,"date":"2021-06-07T14:00:00","date_gmt":"2021-06-07T18:00:00","guid":{"rendered":"https:\/\/linitiative.ca\/International\/fete-de-la-musique-la-nuit-electronique-est-de-retour\/"},"modified":"2021-06-07T14:00:00","modified_gmt":"2021-06-07T18:00:00","slug":"fete-de-la-musique-la-nuit-electronique-est-de-retour","status":"publish","type":"post","link":"https:\/\/linitiative.ca\/International\/fete-de-la-musique-la-nuit-electronique-est-de-retour\/","title":{"rendered":"F\u00eate de la musique : la Nuit \u00e9lectronique est de retour !"},"content":{"rendered":"<p class=\"has-text-align-right\"><strong>Mohamed Nait Youssef<\/strong><\/p>\n<p><strong>La capitale du royaume, Rabat, vibrera le 21 juin 2021 sur les rythmes de\u00a0 la Nuit \u00e9lectronique\u00a0; un \u00e9v\u00e9nement \u00e9lectrique pour c\u00e9l\u00e9brer en beaut\u00e9 la F\u00eate de la musique. En effet, c\u2019est dans les locaux de l\u2019Institut fran\u00e7ais de Rabat que les passionn\u00e9s et les mordus des m\u00e9lodies \u00e9lectriques et de la musique \u00e9lectronique sont invit\u00e9s \u00e0 \u00a0d\u00e9couvrir des DJs de renom et des artistes pluridisciplinaires issus des horizons musicaux diff\u00e9rents. Et pour la premi\u00e8re fois, le toit de la Cath\u00e9drale de Rabat c\u00e9l\u00e9brant cette ann\u00e9e le centenaire de son existence sera le th\u00e9\u00e2tre d\u2019une prestation artistique et musicale propos\u00e9e par les artistes qui seront venus partager un moment dense et in\u00e9dit. Il n\u2019y a pas mieux alors que la musique pour ouvrir le bal des activit\u00e9s artistiques apr\u00e8s une p\u00e9riode de fermeture qui\u00a0 a dur\u00e9 plus d\u2019an et demi.<\/strong><\/p>\n<p>A vrai dire, le retour sera en force alors avec une belle brochette d\u2019artistes tels que Amine K qui est \u00e0 l\u2019origine du collectif \u00abMoroko Loko\u00bb, fond\u00e9 en 2010. Cette aventure musicale a eu notamment un franc succ\u00e8s dans le paysage artistique national avant de conqu\u00e9rir de nouvelles sc\u00e8nes mondiales gr\u00e2ce\u00a0 \u00e0 son cr\u00e9ateur qui est l\u2019un DJ marocains les plus importants de sa g\u00e9n\u00e9ration. Ses inspirations et les r\u00e9f\u00e9rences sont diverses et vari\u00e9es, car il\u00a0 a \u00e9t\u00e9 influenc\u00e9 par des\u00a0 Djs connus et reconnus sur la sc\u00e8ne mondiale entre autres Danny Tenaglia, Deep Dish, Hernan Cattaneo et\u00a0 Matthew Dekay. Un artiste, c\u2019est aussi ses voyages, ses partages et ses \u00e9changes sous d\u2019autres cieux.\u00a0 Amine K a en outre fait le tour des festivals dans les quatre\u00a0 coins du globe pour faire connaitre son style et\u00a0 ses m\u00e9lodies. En Europe, comme en Afrique, en Moyen-Orient, en Asie, en\u00a0 Am\u00e9rique ou en Australie, l\u2019artiste n\u2019a pas seulement mix\u00e9 sa musique mais il a \u00e9galement partag\u00e9 son don avec des signatures telles que Chus &amp; Ceballos, Desyn Masiello, Matthew Dekay, D-Formation, Java, Ivan Pica.<\/p>\n<p>Par ailleurs, la Nuit \u00e9lectronique verra la participation des laur\u00e9ats de L\u2019Ecole Nationale de Cirque Shems\u2019y qui pr\u00e9senteront, annoncent les organisateurs,\u00a0 des num\u00e9ros circassiens pluridisciplinaires, en mouvement dans\u00e9, pour accompagner le set musical du Dj Amine K. \u00abTout d\u2019abord Hamza Alouani, \u00e0 la roue Cyr, qui m\u00ealera rotation, danse et manipulation d\u2019objet. Mohamed Makhloufi au mat chinois, avec son num\u00e9ro \u00ab\u00a0Tik Tak\u00a0\u00bb, qui oscille entre le mouvement en spirale, la verticalit\u00e9 en accro-danse, dans une \u00e9volution de l\u2019\u00e9quilibre statique au dynamique. \u00bb, expliquent les initiateurs de cet \u00e9v\u00e9nement musical phare.<\/p>\n<p>Mohamed Touirs, alias Ed Oner,\u00a0 une \u00e9toile montante du street art marocain, prendra part \u00e0 cette manifestation sans oublier bien entendu les Djs Anass et Unes, deux jeunes artistes qui tracent leur parcours doucement mais s\u00fbrement.<\/p>\n<p>Auteur: M&rsquo;hammed rahal<br \/>\n<a href=\"http:\/\/albayane.press.ma\/fete-de-la-musique-la-nuit-electronique-est-de-retour.html\">Cliquez ici pour lire l&rsquo;article depuis sa source.<\/a><\/p>\n","protected":false},"excerpt":{"rendered":"<p>Mohamed Nait Youssef La capitale du royaume, Rabat, vibrera le 21 juin 2021 sur les rythmes de\u00a0 la Nuit \u00e9lectronique\u00a0; un \u00e9v\u00e9nement \u00e9lectrique pour c\u00e9l\u00e9brer en beaut\u00e9 la F\u00eate de la musique. En effet, c\u2019est dans les locaux de l\u2019Institut fran\u00e7ais de Rabat que les passionn\u00e9s et les mordus des m\u00e9lodies \u00e9lectriques et de la [&hellip;]<\/p>\n","protected":false},"author":1760,"featured_media":0,"comment_status":"closed","ping_status":"closed","sticky":false,"template":"","format":"standard","meta":{"fifu_image_url":"","fifu_image_alt":"","footnotes":""},"categories":[73,54],"tags":[],"class_list":["post-118190","post","type-post","status-publish","format-standard","hentry","category-actualite","category-maroc"],"_links":{"self":[{"href":"https:\/\/linitiative.ca\/International\/wp-json\/wp\/v2\/posts\/118190","targetHints":{"allow":["GET"]}}],"collection":[{"href":"https:\/\/linitiative.ca\/International\/wp-json\/wp\/v2\/posts"}],"about":[{"href":"https:\/\/linitiative.ca\/International\/wp-json\/wp\/v2\/types\/post"}],"author":[{"embeddable":true,"href":"https:\/\/linitiative.ca\/International\/wp-json\/wp\/v2\/users\/1760"}],"replies":[{"embeddable":true,"href":"https:\/\/linitiative.ca\/International\/wp-json\/wp\/v2\/comments?post=118190"}],"version-history":[{"count":0,"href":"https:\/\/linitiative.ca\/International\/wp-json\/wp\/v2\/posts\/118190\/revisions"}],"wp:attachment":[{"href":"https:\/\/linitiative.ca\/International\/wp-json\/wp\/v2\/media?parent=118190"}],"wp:term":[{"taxonomy":"category","embeddable":true,"href":"https:\/\/linitiative.ca\/International\/wp-json\/wp\/v2\/categories?post=118190"},{"taxonomy":"post_tag","embeddable":true,"href":"https:\/\/linitiative.ca\/International\/wp-json\/wp\/v2\/tags?post=118190"}],"curies":[{"name":"wp","href":"https:\/\/api.w.org\/{rel}","templated":true}]}}