{"id":118191,"date":"2021-06-07T14:00:00","date_gmt":"2021-06-07T18:00:00","guid":{"rendered":"https:\/\/linitiative.ca\/International\/focus-sur-la-relation-entre-le-cinema-et-la-peinture\/"},"modified":"2021-06-07T14:00:00","modified_gmt":"2021-06-07T18:00:00","slug":"focus-sur-la-relation-entre-le-cinema-et-la-peinture","status":"publish","type":"post","link":"https:\/\/linitiative.ca\/International\/focus-sur-la-relation-entre-le-cinema-et-la-peinture\/","title":{"rendered":"Focus sur la relation entre le cin\u00e9ma et la peinture"},"content":{"rendered":"<p class=\"has-text-align-center has-vivid-cyan-blue-color has-text-color\"><strong>Festival du cin\u00e9ma m\u00e9diterran\u00e9en de T\u00e9touan<\/strong><\/p>\n<p><strong>La relation entre le cin\u00e9ma et la peinture a \u00e9t\u00e9 au centre d\u2019un colloque organis\u00e9, samedi, dans le cadre de la 26\u00e8 \u00e9dition du Festival du cin\u00e9ma m\u00e9diterran\u00e9en de T\u00e9touan (FCMT), qui se tient, en format digital, du 04 au 10 juin.<\/strong><\/p>\n<p>Les participants \u00e0 ce colloque, tenu en mode virtuel sous le th\u00e8me \u00abCin\u00e9ma et peinture, fronti\u00e8re ou prosp\u00e9rit\u00e9?\u00bb, ont essay\u00e9 de r\u00e9pondre aux probl\u00e9matiques inh\u00e9rentes aux rapports qu\u2019entretiennent les deux arts, dont la composante essentielle est l\u2019image, mobile pour le film, et immobile pour la toile. Intervenant \u00e0 cette occasion, Juan de Pablos Pons, professeur \u00e0 l\u2019Universit\u00e9 de S\u00e9ville, a soulign\u00e9 que la peinture est l\u2019art qui a le plus accompagn\u00e9 et enrichi, voire influenc\u00e9 les autres arts, principalement les arts dits de la \u00abrepr\u00e9sentation\u00bb de la r\u00e9alit\u00e9, notant que le d\u00e9cloisonnement entre art plastique et cin\u00e9ma a permis et permet toujours des interactions entre les deux arts.\u00a0 La lumi\u00e8re, le cadrage et le mouvement sont les principaux \u00e9l\u00e9ments que le cin\u00e9ma emprunte subtilement \u00e0 la peinture, a fait savoir le chercheur espagnol, relevant que le cin\u00e9ma a contribu\u00e9 largement \u00e0 recadrer la peinture moderne.<\/p>\n<p>Pour sa part, le professeur en \u00e9tudes cin\u00e9matographiques \u00e0 l\u2019Universit\u00e9 Lumi\u00e8re Lyon, Jean Luc Vancheri, a pr\u00e9cis\u00e9 qu\u2019un tableau peut, bel et bien, raconter une histoire, bien que la narration en peinture pourrait sembler impossible du fait que l\u2019image picturale est fonci\u00e8rement immobile, notant que les entrelacs entre la peinture et le cin\u00e9ma sont complexes, dans la mesure o\u00f9 les deux arts se nourrissent mutuellement.<\/p>\n<p>Le chercheur fran\u00e7ais a mis l\u2019accent sur la pr\u00e9sence au cin\u00e9ma de la peinture sous diverses formes et utilisations, relevant que plusieurs cin\u00e9aste-peintre composent l\u2019image filmique comme ils composent leurs toiles, cr\u00e9ant une synergie entre le filmique et le pictural.<\/p>\n<p>De son c\u00f4t\u00e9, Abdelali Maazouz, professeur \u00e0 l\u2019Universit\u00e9 Hassan II de Casablanca, s\u2019est arr\u00eat\u00e9 sur les diff\u00e9rences existant entre les deux arts, notamment la temporalit\u00e9 du cin\u00e9ma et le statisme de la toile, notant l\u2019importance d\u2019explorer les affinit\u00e9s et les rapports complexes entre ces deux arts et d\u2019\u00e9tudier profond\u00e9ment la dimension plastique du cin\u00e9ma.<\/p>\n<p>Il a, \u00e0 cet \u00e9gard, mis en lumi\u00e8re la plasticit\u00e9 du cin\u00e9ma et la mani\u00e8re selon laquelle le 7\u00e8 art peut d\u00e9voiler l\u2019acte pictural, abordant la signification des courants artistiques dans le cin\u00e9ma, qui est consid\u00e9r\u00e9 comme une synth\u00e8se de tous les arts.<\/p>\n<p>Au menu de cette \u00e9dition figurent \u00e9galement une rencontre sur \u00abcomment les festivals pourraient-ils participer au retour du cin\u00e9ma?\u00bb et une master class encadr\u00e9e par le r\u00e9alisateur marocain, Mohamed Chrif Tribak, sur son parcours et son exp\u00e9rience.<\/p>\n<p>Il est \u00e0 noter que neuf longs m\u00e9trages de fiction et 6 documentaires sont en lice dans le cadre de cette \u00e9dition.<br \/>Dans la cat\u00e9gorie des longs m\u00e9trages, les films en lice sont \u00abStitches\u00bb (\u0160avovi) du r\u00e9alisateur Miroslav Terzi\u0107 (Slov\u00e9nie\/Croatie), \u00abLe p\u00e8re (Bashtata)\u00bb, de Kristina Grozeva et Petar Valchanov (Bulgarie\/Gr\u00e8ce), \u00abLes h\u00e9ros ne meurent jamais\u00bb de Aude L\u00e9a Rapin (France\/Belgique), \u00ab1982\u00bb de Oualid Mouaness (Liban), \u00abEntre ciel et terre\u00bb de Najwa Najjar (Palestine), \u00abLes \u00e9pouvantails\u00bb de Nouri Bouzid (Tunisie), \u00abLes femmes du pavillon J\u00bb de Mohamed Nadif (Maroc), \u00abZizotek\u00bb de Vardis Marinakis (Gr\u00e8ce), et \u00abStepp, Bozkir\u00bb de Ali \u00d6zel (Turquie).<br \/>Quant au documentaire, les films en comp\u00e9tition sont \u00abA l\u2019Aube de nos r\u00eaves\u00bb de Emna Mrabet (Tunisie), \u00abZumiriki\u00bb de Oskar Alegria (Espagne), \u00abMineurs\u00bb de Mortada Ouahib (France\/Maroc), \u00abAvant le d\u00e9clin du jour\u00bb de Ali Essafi (Maroc), \u00abLa reine Lear\u00bb (Queen Lear), de Krali\u00e7e Learby et Pelin Esmer (Turquie), et \u00abFor Sama\u00bb de Waad al-Kateab (Syrie).<\/p>\n<p>Concernant la programmation sp\u00e9ciale de la F\u00e9d\u00e9ration internationale de la presse cin\u00e9matographique (FIPRECI), elle comprend les films \u00abJ\u2019accuse\u00bb de Roman Polanski (France), \u00abLillian\u00bb de Andreas Horvath (Autriche) et \u00abLes trois soeurs\u00bb de Emin Alper (Turquie).<\/p>\n<p>La cat\u00e9gorie \u00abCoup de coeur\u00bb du festival est, quant \u00e0 elle, marqu\u00e9e par la projection des films \u00abLe traitre\u00bb de Marco Bellocchio (Italie) et \u00abMadre\u00bb de Rodrigo Sorogoyen (Espagne).<\/p>\n<p>Auteur: M&rsquo;hammed rahal<br \/>\n<a href=\"http:\/\/albayane.press.ma\/focus-sur-la-relation-entre-le-cinema-et-la-peinture-2.html\">Cliquez ici pour lire l&rsquo;article depuis sa source.<\/a><\/p>\n","protected":false},"excerpt":{"rendered":"<p>Festival du cin\u00e9ma m\u00e9diterran\u00e9en de T\u00e9touan La relation entre le cin\u00e9ma et la peinture a \u00e9t\u00e9 au centre d\u2019un colloque organis\u00e9, samedi, dans le cadre de la 26\u00e8 \u00e9dition du Festival du cin\u00e9ma m\u00e9diterran\u00e9en de T\u00e9touan (FCMT), qui se tient, en format digital, du 04 au 10 juin. Les participants \u00e0 ce colloque, tenu en [&hellip;]<\/p>\n","protected":false},"author":1760,"featured_media":0,"comment_status":"closed","ping_status":"closed","sticky":false,"template":"","format":"standard","meta":{"fifu_image_url":"","fifu_image_alt":"","footnotes":""},"categories":[73,54],"tags":[],"class_list":["post-118191","post","type-post","status-publish","format-standard","hentry","category-actualite","category-maroc"],"_links":{"self":[{"href":"https:\/\/linitiative.ca\/International\/wp-json\/wp\/v2\/posts\/118191","targetHints":{"allow":["GET"]}}],"collection":[{"href":"https:\/\/linitiative.ca\/International\/wp-json\/wp\/v2\/posts"}],"about":[{"href":"https:\/\/linitiative.ca\/International\/wp-json\/wp\/v2\/types\/post"}],"author":[{"embeddable":true,"href":"https:\/\/linitiative.ca\/International\/wp-json\/wp\/v2\/users\/1760"}],"replies":[{"embeddable":true,"href":"https:\/\/linitiative.ca\/International\/wp-json\/wp\/v2\/comments?post=118191"}],"version-history":[{"count":0,"href":"https:\/\/linitiative.ca\/International\/wp-json\/wp\/v2\/posts\/118191\/revisions"}],"wp:attachment":[{"href":"https:\/\/linitiative.ca\/International\/wp-json\/wp\/v2\/media?parent=118191"}],"wp:term":[{"taxonomy":"category","embeddable":true,"href":"https:\/\/linitiative.ca\/International\/wp-json\/wp\/v2\/categories?post=118191"},{"taxonomy":"post_tag","embeddable":true,"href":"https:\/\/linitiative.ca\/International\/wp-json\/wp\/v2\/tags?post=118191"}],"curies":[{"name":"wp","href":"https:\/\/api.w.org\/{rel}","templated":true}]}}