{"id":118197,"date":"2021-06-07T19:02:31","date_gmt":"2021-06-07T23:02:31","guid":{"rendered":"https:\/\/linitiative.ca\/International\/plus-de-61-000-candidats-aux-examens-du-bac-au-titre-de-2021\/"},"modified":"2021-06-07T19:02:31","modified_gmt":"2021-06-07T23:02:31","slug":"plus-de-61-000-candidats-aux-examens-du-bac-au-titre-de-2021","status":"publish","type":"post","link":"https:\/\/linitiative.ca\/International\/plus-de-61-000-candidats-aux-examens-du-bac-au-titre-de-2021\/","title":{"rendered":"Plus de 61.000 candidats aux examens du bac au titre de 2021"},"content":{"rendered":"<div readability=\"33\">\n<p>Marrakech \u2013 Quelque 61.625 candidats passeront les \u00e9preuves de la session normale de l\u2019Examen national unifi\u00e9 du Baccalaur\u00e9at au titre de 2021 dans la r\u00e9gion Marrakech-Safi.<\/p>\n<\/div>\n<div readability=\"146\">\n<p>Les candidats se r\u00e9partissent sur les 08 directions provinciales relevant de l\u2019Acad\u00e9mie R\u00e9gionale d\u2019Education et de Formation (AREF) de Marrakech-Safi \u00e0 savoir : Marrakech (23.214 candidats), Safi (11.870 candidats), El Kela\u00e2 des Sraghna (6.209 candidats), Al Haouz (5.155 candidats), Essaouira (4.736 candidats), Rehamna (4.396 candidats), Youssoufia (3.075 candidats) et Chichaoua (2.970), pr\u00e9cise l\u2019AREF Marrakech- Safi dans un communiqu\u00e9.<\/p>\n<p>Et l\u2019AREF de poursuivre que sur les 61.625 candidats, qui passeront les examens au niveau de cette partie du territoire national, quelque 36.543 candidats sont issus de l\u2019enseignement public, 3.738 candidats de l\u2019enseignement priv\u00e9, alors que le nombre de candidats libres s\u2019\u00e9l\u00e8ve \u00e0 21.344 candidats.<\/p>\n<p>Le pourcentage de filles s\u2019\u00e9l\u00e8ve \u00e0 47,63 % du total des candidats, soit 29.354 candidates, indique le m\u00eame source, relevant que le nombre global des candidats a enregistr\u00e9 une hausse de 11.251 candidats par rapport \u00e0 l\u2019ann\u00e9e pr\u00e9c\u00e9dente.<\/p>\n<p>Dans le cadre de cette conjoncture exceptionnelle que traverse le Royaume en raison de la propagation de la pand\u00e9mie du nouveau coronavirus, une batterie de mesures pr\u00e9ventives ont \u00e9t\u00e9 adopt\u00e9es de mani\u00e8re \u00e0 garantir le d\u00e9roulement de ces examens dans d\u2019excellentes conditions, tout en veillant \u00e0 assurer la s\u00e9curit\u00e9 sanitaire des candidats, ainsi que de l\u2019ensemble des intervenants concern\u00e9s.<\/p>\n<p>De m\u00eame, il a \u00e9t\u00e9 proc\u00e9d\u00e9 \u00e0 l\u2019adoption de toutes les normes r\u00e9glementaires avec l\u2019application rigoureuse des diff\u00e9rentes dispositions du protocole sanitaire adopt\u00e9 par l\u2019AREF.<\/p>\n<p>Ainsi le nombre des centres d\u2019examens mobilis\u00e9s a \u00e9t\u00e9 doubl\u00e9 pour passer \u00e0 248, dont 04 centres am\u00e9nag\u00e9s au sein des salles couvertes et 04 centres au niveau d\u2019\u00e9tablissements universitaires, afin de r\u00e9duire le nombre de candidats dans les salles et respecter les conditions sanitaires appropri\u00e9es et la distanciation physique.<\/p>\n<p>En relation avec cette \u00e9ch\u00e9ance importante, plusieurs r\u00e9unions de coordination r\u00e9gionales, en pr\u00e9sentiel et \u00e0 distance, ont \u00e9t\u00e9 tenues afin d\u2019inciter \u00e0 l\u2019organisation efficiente de ces examens certifiants notamment, avec un focus sur les r\u00e8gles r\u00e9f\u00e9rentielles les encadrant, et les donn\u00e9es statistiques et orientations minist\u00e9rielles contenues dans le Guide des proc\u00e9dures.<\/p>\n<p>Les diff\u00e9rents intervenants ont aussi pris connaissance des aspects juridique et r\u00e9glementaire, des r\u00e9centes nouveaut\u00e9s relatives aux examens du baccalaur\u00e9at,\u00a0 ainsi que la pr\u00e9sentation des orientations li\u00e9es aux mesures pr\u00e9ventives \u00e0 adopter et \u00e0 mettre en place pour pr\u00e9parer les conditions n\u00e9cessaires au d\u00e9roulement des examens du baccalaur\u00e9at dans de meilleures conditions.<\/p>\n<p>Il s\u2019agit aussi de respecter scrupuleusement les mesures r\u00e9glementaires et pr\u00e9ventives pour garantir la s\u00e9curit\u00e9 de tous les candidats, les cadres administratifs et \u00e9ducatifs et les autres intervenants dans cette \u00e9ch\u00e9ance nationale importante, en plus de la pr\u00e9servation des droits des candidats, en les incitant au respect des normes juridiques de nature \u00e0 garantir l\u2019int\u00e9grit\u00e9 et l\u2019\u00e9galit\u00e9 des chances et \u00e0 pr\u00e9server la cr\u00e9dibilit\u00e9 du Baccalaur\u00e9at, poursuit l\u2019AREF Marrakech- Safi.<\/p>\n<p>Dans le m\u00eame sillage, l\u2019AREF a lanc\u00e9 des campagnes de sensibilisation aux niveaux local, provincial et r\u00e9gional, avec la participation de tous les intervenants \u00e9ducatifs et les partenaires afin de mener \u00e0 bien la sensibilisation des candidats sur le respect des mesures pr\u00e9ventives.<\/p>\n<p>Par la m\u00eame occasion, I\u2019AREF Marrakech- Safi a mis en relief le travail s\u00e9rieux et responsable, ainsi que la mobilisation de la famille de l\u2019\u00e9ducation et de la formation, saluant par la m\u00eame occasion, les r\u00f4les positifs jou\u00e9s par les associations des parents et tuteurs d\u2019\u00e9l\u00e8ves.<\/p>\n<p>L\u2019AREF s\u2019est \u00e9galement f\u00e9licit\u00e9e de l\u2019appui constant des autorit\u00e9s territoriales aux niveaux r\u00e9gional, provincial et local, la Gendarmerie Royale, la S\u00fbret\u00e9 nationale, les Forces Auxiliaires, la Protection civile, et les services ext\u00e9rieurs, les m\u00e9dias ainsi que tous les partenaires.<\/p>\n<p>Les examens de la session normale du baccalaur\u00e9at se d\u00e9rouleront les 08, 09 et 10 juin courant, pour les p\u00f4les scientifique, technique et professionnel, les 11 et 12 juin pour les P\u00f4les des lettres et de l\u2019enseignement originel.<\/p>\n<p>Les r\u00e9sultats de ces examens seront annonc\u00e9s le 20 juin courant, alors que la session de rattrapage aura lieu du 05 au 08 juillet prochain pour toutes les branches et fili\u00e8res, a fait savoir l\u2019AREF Marrakech- Safi, notant que les r\u00e9sultats de cette session de rattrapage seront annonc\u00e9s le 11 juillet prochain.<\/p>\n<\/div>\n<p>Auteur: Meriem IGASS<br \/>\n<a href=\"http:\/\/www.mapmarrakech.ma\/fr\/plus-de-61-000-candidats-aux-examens-du-bac-au-titre-de-2021\/\">Cliquez ici pour lire l&rsquo;article depuis sa source.<\/a><\/p>\n","protected":false},"excerpt":{"rendered":"<p>Marrakech \u2013 Quelque 61.625 candidats passeront les \u00e9preuves de la session normale de l\u2019Examen national unifi\u00e9 du Baccalaur\u00e9at au titre de 2021 dans la r\u00e9gion Marrakech-Safi. Les candidats se r\u00e9partissent sur les 08 directions provinciales relevant de l\u2019Acad\u00e9mie R\u00e9gionale d\u2019Education et de Formation (AREF) de Marrakech-Safi \u00e0 savoir : Marrakech (23.214 candidats), Safi (11.870 candidats), [&hellip;]<\/p>\n","protected":false},"author":1788,"featured_media":0,"comment_status":"closed","ping_status":"closed","sticky":false,"template":"","format":"standard","meta":{"fifu_image_url":"","fifu_image_alt":"","footnotes":""},"categories":[54,76],"tags":[],"class_list":["post-118197","post","type-post","status-publish","format-standard","hentry","category-maroc","category-regions"],"_links":{"self":[{"href":"https:\/\/linitiative.ca\/International\/wp-json\/wp\/v2\/posts\/118197","targetHints":{"allow":["GET"]}}],"collection":[{"href":"https:\/\/linitiative.ca\/International\/wp-json\/wp\/v2\/posts"}],"about":[{"href":"https:\/\/linitiative.ca\/International\/wp-json\/wp\/v2\/types\/post"}],"author":[{"embeddable":true,"href":"https:\/\/linitiative.ca\/International\/wp-json\/wp\/v2\/users\/1788"}],"replies":[{"embeddable":true,"href":"https:\/\/linitiative.ca\/International\/wp-json\/wp\/v2\/comments?post=118197"}],"version-history":[{"count":0,"href":"https:\/\/linitiative.ca\/International\/wp-json\/wp\/v2\/posts\/118197\/revisions"}],"wp:attachment":[{"href":"https:\/\/linitiative.ca\/International\/wp-json\/wp\/v2\/media?parent=118197"}],"wp:term":[{"taxonomy":"category","embeddable":true,"href":"https:\/\/linitiative.ca\/International\/wp-json\/wp\/v2\/categories?post=118197"},{"taxonomy":"post_tag","embeddable":true,"href":"https:\/\/linitiative.ca\/International\/wp-json\/wp\/v2\/tags?post=118197"}],"curies":[{"name":"wp","href":"https:\/\/api.w.org\/{rel}","templated":true}]}}