{"id":118203,"date":"2021-06-07T19:27:17","date_gmt":"2021-06-07T23:27:17","guid":{"rendered":"https:\/\/linitiative.ca\/International\/oriental-564-zones-pastorales-recensees-dune-superficie-de-41-millions-ha\/"},"modified":"2021-06-07T19:27:17","modified_gmt":"2021-06-07T23:27:17","slug":"oriental-564-zones-pastorales-recensees-dune-superficie-de-41-millions-ha","status":"publish","type":"post","link":"https:\/\/linitiative.ca\/International\/oriental-564-zones-pastorales-recensees-dune-superficie-de-41-millions-ha\/","title":{"rendered":"Oriental: 564 zones pastorales recens\u00e9es d\u2019une superficie de 4,1 millions ha"},"content":{"rendered":"<p class=\"c4\">Un total de 564 zones pastorales ont \u00e9t\u00e9 recens\u00e9es et identifi\u00e9es au niveau de l\u2019Oriental, couvrant une superficie globale de 4,1 millions ha, \u00e0 l\u2019issue des travaux d\u2019inventaire des parcours r\u00e9alis\u00e9s par un bureau d\u2019\u00e9tude d\u00e9sign\u00e9 par les services de l\u2019Agriculture.<\/p>\n<p class=\"c4\">Cette superficie se compose de 2,6 millions ha de zones sylvo-pastorales et de 1,5 million ha de parcours communautaires pastoraux, indique un communiqu\u00e9 de la Direction r\u00e9gionale de l\u2019Agriculture (DRA) de l\u2019Oriental.<\/p>\n<p class=\"c4\">Les r\u00e9sultats de cet inventaire ont \u00e9t\u00e9 approuv\u00e9s conform\u00e9ment aux dispositions de la loi n\u00b0113-13 relative \u00e0 la transhumance pastorale, \u00e0 l\u2019am\u00e9nagement et \u00e0 la gestion des espaces pastoraux et sylvopastoraux, lors d\u2019une r\u00e9union du Comit\u00e9 r\u00e9gional des parcours pastoraux, tenue r\u00e9cemment \u00e0 Oujda, pr\u00e9cise la DRA.<\/p>\n<p class=\"c4\">Cette r\u00e9union s\u2019est d\u00e9roul\u00e9e sous la pr\u00e9sidence du secr\u00e9taire g\u00e9n\u00e9ral de la Wilaya de l\u2019Oriental, en pr\u00e9sence notamment des repr\u00e9sentants des gouverneurs des provinces de la r\u00e9gion, du Conseil r\u00e9gional, des services d\u00e9centralis\u00e9s et des services r\u00e9gionaux des administrations membres du Comit\u00e9, en plus des repr\u00e9sentants des organisations professionnelles pastorales et des instances interprofessionnelles agricoles reconnues et concern\u00e9es par l\u2019activit\u00e9 pastorale, et de personnalit\u00e9s civiles et militaires.<\/p>\n<p class=\"c4\">Intervenant \u00e0 l\u2019ouverture de cette r\u00e9union, le secr\u00e9taire g\u00e9n\u00e9ral de la Wilaya de l\u2019Oriental a mis en exergue la loi 113-13 et ses textes d\u2019application, qui repr\u00e9sentent un nouveau m\u00e9canisme pour l\u2019organisation des ressources pastorales, leur exploitation durable et rationnelle et leur pr\u00e9servation, en sus de l\u2019organisation de la transhumance pastorale et des mouvements des cheptels, sans oublier le r\u00f4le des organisations professionnelles pastorales qui constituent un partenaire essentiel, gr\u00e2ce \u00e0 leur implication effective \u00e0 cet effet.<\/p>\n<p class=\"c4\">De son c\u00f4t\u00e9, le directeur r\u00e9gional de l\u2019Agriculture a relev\u00e9, dans le m\u00eame sens, que ce nouvel arsenal juridique met \u00e0 la disposition de l\u2019administration et de l\u2019ensemble des intervenants une m\u00e9thodologie et une approche globale et int\u00e9gr\u00e9e pour l\u2019am\u00e9nagement et la gestion efficiente des parcours, de mani\u00e8re \u00e0 assurer la durabilit\u00e9 et le d\u00e9veloppement du secteur.<\/p>\n<p class=\"c4\">La nouvelle loi vise \u00e0 combler un vide juridique dans ce domaine et constitue un acquis l\u00e9gislatif important, qui vient renforcer l\u2019arsenal juridique national et positionner le Maroc en tant que leader dans la gestion des activit\u00e9s pastorales et de la transhumance pastorale, a-t-il soulign\u00e9.<\/p>\n<p class=\"c4\">Cette rencontre a \u00e9t\u00e9 marqu\u00e9e par la pr\u00e9sentation d\u2019un expos\u00e9 d\u00e9taill\u00e9 par le bureau d\u2019\u00e9tude, au sujet de l\u2019\u00e9tude lanc\u00e9e par la DRA de l\u2019Oriental, afin de cr\u00e9er des zones pastorales s\u2019inscrivant dans le cadre d\u2019un plan d\u2019am\u00e9nagement des parcours pastoraux.<\/p>\n<p class=\"c4\">Cette \u00e9tude a \u00e9t\u00e9 r\u00e9alis\u00e9e selon une approche participative, en coordination avec l\u2019ensemble des acteurs locaux, note le communiqu\u00e9, mettant l\u2019accent sur l\u2019importance des superficies couvertes par les parcours dans cette r\u00e9gion, la diversit\u00e9 de leurs syst\u00e8mes \u00e9cologiques et la forte pr\u00e9sence de l\u2019activit\u00e9 pastorale.<\/p>\n<p>Auteur: Soufiane ELAHMAR<br \/>\n<a href=\"http:\/\/www.mapoujda.ma\/fr\/oriental-564-zones-pastorales-recensees-dune-superficie-de-41-millions-ha\/\">Cliquez ici pour lire l&rsquo;article depuis sa source.<\/a><\/p>\n","protected":false},"excerpt":{"rendered":"<p>Un total de 564 zones pastorales ont \u00e9t\u00e9 recens\u00e9es et identifi\u00e9es au niveau de l\u2019Oriental, couvrant une superficie globale de 4,1 millions ha, \u00e0 l\u2019issue des travaux d\u2019inventaire des parcours r\u00e9alis\u00e9s par un bureau d\u2019\u00e9tude d\u00e9sign\u00e9 par les services de l\u2019Agriculture. Cette superficie se compose de 2,6 millions ha de zones sylvo-pastorales et de 1,5 [&hellip;]<\/p>\n","protected":false},"author":1788,"featured_media":0,"comment_status":"closed","ping_status":"closed","sticky":false,"template":"","format":"standard","meta":{"fifu_image_url":"","fifu_image_alt":"","footnotes":""},"categories":[54,76],"tags":[],"class_list":["post-118203","post","type-post","status-publish","format-standard","hentry","category-maroc","category-regions"],"_links":{"self":[{"href":"https:\/\/linitiative.ca\/International\/wp-json\/wp\/v2\/posts\/118203","targetHints":{"allow":["GET"]}}],"collection":[{"href":"https:\/\/linitiative.ca\/International\/wp-json\/wp\/v2\/posts"}],"about":[{"href":"https:\/\/linitiative.ca\/International\/wp-json\/wp\/v2\/types\/post"}],"author":[{"embeddable":true,"href":"https:\/\/linitiative.ca\/International\/wp-json\/wp\/v2\/users\/1788"}],"replies":[{"embeddable":true,"href":"https:\/\/linitiative.ca\/International\/wp-json\/wp\/v2\/comments?post=118203"}],"version-history":[{"count":0,"href":"https:\/\/linitiative.ca\/International\/wp-json\/wp\/v2\/posts\/118203\/revisions"}],"wp:attachment":[{"href":"https:\/\/linitiative.ca\/International\/wp-json\/wp\/v2\/media?parent=118203"}],"wp:term":[{"taxonomy":"category","embeddable":true,"href":"https:\/\/linitiative.ca\/International\/wp-json\/wp\/v2\/categories?post=118203"},{"taxonomy":"post_tag","embeddable":true,"href":"https:\/\/linitiative.ca\/International\/wp-json\/wp\/v2\/tags?post=118203"}],"curies":[{"name":"wp","href":"https:\/\/api.w.org\/{rel}","templated":true}]}}