{"id":118208,"date":"2021-06-08T09:41:53","date_gmt":"2021-06-08T13:41:53","guid":{"rendered":"https:\/\/linitiative.ca\/International\/ikea-sapprete-a-ouvrir-a-tetouan\/"},"modified":"2021-06-08T09:41:53","modified_gmt":"2021-06-08T13:41:53","slug":"ikea-sapprete-a-ouvrir-a-tetouan","status":"publish","type":"post","link":"https:\/\/linitiative.ca\/International\/ikea-sapprete-a-ouvrir-a-tetouan\/","title":{"rendered":"IKEA s&rsquo;appr\u00eate \u00e0 ouvrir \u00e0 T\u00e9touan"},"content":{"rendered":"<p class=\"rtejustify\">Le Leader mondial du mobilier et de la d\u00e9coration, IKEA, a annonc\u00e9, lundi, l&rsquo;ouverture prochaine de son deuxi\u00e8me grand magasin au Royaume \u00e0 T\u00e9touan, au sein de la zone commerciale d\u00e9velopp\u00e9e par l&rsquo;am\u00e9nageur-d\u00e9veloppeur Tanger Med Zones.<\/p>\n<p class=\"rtejustify\">\u00ab\u00a0La mise en place de ce nouveau magasin repr\u00e9sente un investissement de pr\u00e8s de 400 millions de dirhams (MDH), qui ne manquera pas de dynamiser davantage l&rsquo;\u00e9conomie de la r\u00e9gion Nord du Maroc\u00a0\u00bb, a indiqu\u00e9 IKEA. La r\u00e9gion de Tanger-T\u00e9touan-Al Hoceima conna\u00eet un bel essor \u00e9conomique et social, notamment gr\u00e2ce au complexe industrialo-portuaire Tanger Med, leader en M\u00e9diterran\u00e9e et en Afrique, et d\u00e9montre au quotidien un important potentiel de d\u00e9veloppement, notant qu&rsquo;afin d\u2019accompagner les milliers de m\u00e9nages attir\u00e9s chaque ann\u00e9e par la r\u00e9gion, IKEA a choisi d\u2019y implanter son second grand magasin marocain.<\/p>\n<p class=\"rtejustify\">Cette ouverture, pr\u00e9vue pour Juin 2022, s\u2019inscrit dans la continuit\u00e9 du plan de d\u00e9veloppement de la marque ces 5 derni\u00e8res ann\u00e9es qui a permis le lancement, en plus du grand magasin de Zenata, de trois IKEA pop-ups, dont un au Nord, ainsi que le nouveau format de magasin au Morocco Mall de Casablanca et le site de e-commerce, rel\u00e8ve la m\u00eame source.<\/p>\n<p class=\"rtejustify\">Situ\u00e9 au sein de la zone commerciale d\u00e9velopp\u00e9e par Tanger Med Zones , ce nouveau magasin permettra d\u2019apporter toute l\u2019exp\u00e9rience unique IKEA \u00e0 une nouvelle client\u00e8le, tout en cr\u00e9ant 500 emplois directs et 1.000 emplois indirects dans la r\u00e9gion. D\u2019une superficie de 16.100 m2, le magasin comprendra un showroom de 3.700 m2, un market hall de 3.450 m2 et le premier restaurant avec terrasse de IKEA, pouvant accueillir jusqu\u2019\u00e0 250 personnes.<\/p>\n<p class=\"rtejustify\">\u00a0<\/p>\n<p class=\"rtejustify\">\u00a0<\/p>\n<p>Auteur: mbasraoui<br \/>\n<a href=\"https:\/\/www.leconomiste.com\/flash-infos\/ikea-s-apprete-ouvrir-tetouan\">Cliquez ici pour lire l&rsquo;article depuis sa source.<\/a><\/p>\n","protected":false},"excerpt":{"rendered":"<p>Le Leader mondial du mobilier et de la d\u00e9coration, IKEA, a annonc\u00e9, lundi, l&rsquo;ouverture prochaine de son deuxi\u00e8me grand magasin au Royaume \u00e0 T\u00e9touan, au sein de la zone commerciale d\u00e9velopp\u00e9e par l&rsquo;am\u00e9nageur-d\u00e9veloppeur Tanger Med Zones. \u00ab\u00a0La mise en place de ce nouveau magasin repr\u00e9sente un investissement de pr\u00e8s de 400 millions de dirhams (MDH), [&hellip;]<\/p>\n","protected":false},"author":1763,"featured_media":0,"comment_status":"closed","ping_status":"closed","sticky":false,"template":"","format":"standard","meta":{"fifu_image_url":"","fifu_image_alt":"","footnotes":""},"categories":[78,54],"tags":[],"class_list":["post-118208","post","type-post","status-publish","format-standard","hentry","category-economie","category-maroc"],"_links":{"self":[{"href":"https:\/\/linitiative.ca\/International\/wp-json\/wp\/v2\/posts\/118208","targetHints":{"allow":["GET"]}}],"collection":[{"href":"https:\/\/linitiative.ca\/International\/wp-json\/wp\/v2\/posts"}],"about":[{"href":"https:\/\/linitiative.ca\/International\/wp-json\/wp\/v2\/types\/post"}],"author":[{"embeddable":true,"href":"https:\/\/linitiative.ca\/International\/wp-json\/wp\/v2\/users\/1763"}],"replies":[{"embeddable":true,"href":"https:\/\/linitiative.ca\/International\/wp-json\/wp\/v2\/comments?post=118208"}],"version-history":[{"count":0,"href":"https:\/\/linitiative.ca\/International\/wp-json\/wp\/v2\/posts\/118208\/revisions"}],"wp:attachment":[{"href":"https:\/\/linitiative.ca\/International\/wp-json\/wp\/v2\/media?parent=118208"}],"wp:term":[{"taxonomy":"category","embeddable":true,"href":"https:\/\/linitiative.ca\/International\/wp-json\/wp\/v2\/categories?post=118208"},{"taxonomy":"post_tag","embeddable":true,"href":"https:\/\/linitiative.ca\/International\/wp-json\/wp\/v2\/tags?post=118208"}],"curies":[{"name":"wp","href":"https:\/\/api.w.org\/{rel}","templated":true}]}}