{"id":118211,"date":"2021-06-08T13:01:51","date_gmt":"2021-06-08T17:01:51","guid":{"rendered":"https:\/\/linitiative.ca\/International\/energies-renouvelables-les-abattoirs-de-casablanca-autonomes-a-42\/"},"modified":"2021-06-08T13:01:51","modified_gmt":"2021-06-08T17:01:51","slug":"energies-renouvelables-les-abattoirs-de-casablanca-autonomes-a-42","status":"publish","type":"post","link":"https:\/\/linitiative.ca\/International\/energies-renouvelables-les-abattoirs-de-casablanca-autonomes-a-42\/","title":{"rendered":"Energies renouvelables: Les abattoirs de Casablanca autonomes \u00e0 42%"},"content":{"rendered":"<p class=\"rtejustify\">La centrale photovolta\u00efque des Abattoirs de Casablanca, lanc\u00e9 en d\u00e9cembre 2019, enregistre \u00e0 ce jour une production d\u2019\u00e9nergie solaire de 2.34 Gwh. Sur une superficie exploit\u00e9e de 8.487 m\u00b2, 4.374 plaques solaires qui permettent aux Abattoirs d\u2019assurer 42% d\u2019autonomie en terme d\u2019\u00e9nergie afin d\u2019alimenter les principaux postes de consommation \u00e0 savoir le syst\u00e8me de la cha\u00eene de froid et les cha\u00eenes d\u2019abattage.<\/p>\n<p class=\"rtejustify\"><strong><em>A.E.<\/em><\/strong><\/p>\n<p>Auteur: hgueye<br \/>\n<a href=\"https:\/\/www.leconomiste.com\/flash-infos\/energies-renouvelables-les-abattoirs-de-casablanca-autonomes-42\">Cliquez ici pour lire l&rsquo;article depuis sa source.<\/a><\/p>\n","protected":false},"excerpt":{"rendered":"<p>La centrale photovolta\u00efque des Abattoirs de Casablanca, lanc\u00e9 en d\u00e9cembre 2019, enregistre \u00e0 ce jour une production d\u2019\u00e9nergie solaire de 2.34 Gwh. Sur une superficie exploit\u00e9e de 8.487 m\u00b2, 4.374 plaques solaires qui permettent aux Abattoirs d\u2019assurer 42% d\u2019autonomie en terme d\u2019\u00e9nergie afin d\u2019alimenter les principaux postes de consommation \u00e0 savoir le syst\u00e8me de la [&hellip;]<\/p>\n","protected":false},"author":1763,"featured_media":0,"comment_status":"closed","ping_status":"closed","sticky":false,"template":"","format":"standard","meta":{"fifu_image_url":"","fifu_image_alt":"","footnotes":""},"categories":[78,54],"tags":[],"class_list":["post-118211","post","type-post","status-publish","format-standard","hentry","category-economie","category-maroc"],"_links":{"self":[{"href":"https:\/\/linitiative.ca\/International\/wp-json\/wp\/v2\/posts\/118211","targetHints":{"allow":["GET"]}}],"collection":[{"href":"https:\/\/linitiative.ca\/International\/wp-json\/wp\/v2\/posts"}],"about":[{"href":"https:\/\/linitiative.ca\/International\/wp-json\/wp\/v2\/types\/post"}],"author":[{"embeddable":true,"href":"https:\/\/linitiative.ca\/International\/wp-json\/wp\/v2\/users\/1763"}],"replies":[{"embeddable":true,"href":"https:\/\/linitiative.ca\/International\/wp-json\/wp\/v2\/comments?post=118211"}],"version-history":[{"count":0,"href":"https:\/\/linitiative.ca\/International\/wp-json\/wp\/v2\/posts\/118211\/revisions"}],"wp:attachment":[{"href":"https:\/\/linitiative.ca\/International\/wp-json\/wp\/v2\/media?parent=118211"}],"wp:term":[{"taxonomy":"category","embeddable":true,"href":"https:\/\/linitiative.ca\/International\/wp-json\/wp\/v2\/categories?post=118211"},{"taxonomy":"post_tag","embeddable":true,"href":"https:\/\/linitiative.ca\/International\/wp-json\/wp\/v2\/tags?post=118211"}],"curies":[{"name":"wp","href":"https:\/\/api.w.org\/{rel}","templated":true}]}}