{"id":118212,"date":"2021-06-08T15:14:08","date_gmt":"2021-06-08T19:14:08","guid":{"rendered":"https:\/\/linitiative.ca\/International\/international-mourinho-designe-le-meilleur-defenseur-central-au-monde\/"},"modified":"2021-06-08T15:14:08","modified_gmt":"2021-06-08T19:14:08","slug":"international-mourinho-designe-le-meilleur-defenseur-central-au-monde","status":"publish","type":"post","link":"https:\/\/linitiative.ca\/International\/international-mourinho-designe-le-meilleur-defenseur-central-au-monde\/","title":{"rendered":"International : Mourinho d\u00e9signe le meilleur d\u00e9fenseur central au monde"},"content":{"rendered":"<div readability=\"32\">\n<p>Auteur : <span class=\"time\">mardi 08 juin 2021 13:35<\/span><\/p>\n<\/div>\n<div id=\"post_core\" readability=\"43\">\n<p>Seul joueur \u00e0 s&rsquo;\u00eatre impos\u00e9 en charni\u00e8re centrale depuis le sacre \u00e0 l&rsquo;Euro-2016, Ruben Dias (Manchester City) devrait normalement \u00eatre titulaire \u00e0 l&rsquo;Euro et former un duo redoutable avec Pepe, qui aura n\u00e9anmoins fort \u00e0 faire dans un groupe F tr\u00e8s relev\u00e9 comportant la France, l&rsquo;Allemagne et la Hongrie. \u00ab\u00a0Ruben Dias est le meilleur d\u00e9fenseur central du monde en ce moment. C&rsquo;est un d\u00e9fenseur central fantastique, et il a Pepe, qui \u00e0 38 ans, a aussi beaucoup d&rsquo;exp\u00e9rience, cela peut \u00eatre une grande force pour le Portugal\u00a0\u00bb, a d\u00e9clar\u00e9 la semaine derni\u00e8re au journal The Sun l&rsquo;entra\u00eeneur portugais de l&rsquo;AS Rome Jos\u00e9 Mourinho comme rapport\u00e9 par Sport24.<\/p>\n<p><strong>Publi\u00e9 dans :<\/strong> <span>mourinho<\/span><\/p>\n<\/div>\n<p>Auteur:<br \/>\n<a href=\"http:\/\/www.lebuteur.com\/article\/detail?titre=mourinho-designe-le-meilleur-defenseur-central-au-monde&#038;id=100311&#038;utm_source=feedburner&#038;utm_medium=feed&#038;utm_campaign=Feed%3A+GalerieFArtciles+%28Les+derniers+articles++-+lebuteur.com%29\">Cliquez ici pour lire l&rsquo;article depuis sa source.<\/a><\/p>\n","protected":false},"excerpt":{"rendered":"<p>Auteur : mardi 08 juin 2021 13:35 Seul joueur \u00e0 s&rsquo;\u00eatre impos\u00e9 en charni\u00e8re centrale depuis le sacre \u00e0 l&rsquo;Euro-2016, Ruben Dias (Manchester City) devrait normalement \u00eatre titulaire \u00e0 l&rsquo;Euro et former un duo redoutable avec Pepe, qui aura n\u00e9anmoins fort \u00e0 faire dans un groupe F tr\u00e8s relev\u00e9 comportant la France, l&rsquo;Allemagne et la [&hellip;]<\/p>\n","protected":false},"author":1738,"featured_media":0,"comment_status":"closed","ping_status":"closed","sticky":false,"template":"","format":"standard","meta":{"fifu_image_url":"\/\/cdn.lebuteur.com\/data\/images\/article\/thumbs\/large-mourinho-designe-le-meilleur-defenseur-central-au-monde-1c5dd.jpg","fifu_image_alt":"International : Mourinho d\u00e9signe le meilleur d\u00e9fenseur central au monde","footnotes":""},"categories":[53,75],"tags":[],"class_list":["post-118212","post","type-post","status-publish","format-standard","hentry","category-algerie","category-sport"],"_links":{"self":[{"href":"https:\/\/linitiative.ca\/International\/wp-json\/wp\/v2\/posts\/118212","targetHints":{"allow":["GET"]}}],"collection":[{"href":"https:\/\/linitiative.ca\/International\/wp-json\/wp\/v2\/posts"}],"about":[{"href":"https:\/\/linitiative.ca\/International\/wp-json\/wp\/v2\/types\/post"}],"author":[{"embeddable":true,"href":"https:\/\/linitiative.ca\/International\/wp-json\/wp\/v2\/users\/1738"}],"replies":[{"embeddable":true,"href":"https:\/\/linitiative.ca\/International\/wp-json\/wp\/v2\/comments?post=118212"}],"version-history":[{"count":0,"href":"https:\/\/linitiative.ca\/International\/wp-json\/wp\/v2\/posts\/118212\/revisions"}],"wp:attachment":[{"href":"https:\/\/linitiative.ca\/International\/wp-json\/wp\/v2\/media?parent=118212"}],"wp:term":[{"taxonomy":"category","embeddable":true,"href":"https:\/\/linitiative.ca\/International\/wp-json\/wp\/v2\/categories?post=118212"},{"taxonomy":"post_tag","embeddable":true,"href":"https:\/\/linitiative.ca\/International\/wp-json\/wp\/v2\/tags?post=118212"}],"curies":[{"name":"wp","href":"https:\/\/api.w.org\/{rel}","templated":true}]}}