{"id":118213,"date":"2021-06-08T15:14:11","date_gmt":"2021-06-08T19:14:11","guid":{"rendered":"https:\/\/linitiative.ca\/International\/international-mahrez-dans-le-viseur-dun-grand-club-espagnol\/"},"modified":"2021-06-08T15:14:11","modified_gmt":"2021-06-08T19:14:11","slug":"international-mahrez-dans-le-viseur-dun-grand-club-espagnol","status":"publish","type":"post","link":"https:\/\/linitiative.ca\/International\/international-mahrez-dans-le-viseur-dun-grand-club-espagnol\/","title":{"rendered":"International : Mahrez dans le viseur d&rsquo;un grand club espagnol ?"},"content":{"rendered":"<div readability=\"32\">\n<p>Auteur : <span class=\"time\">mardi 08 juin 2021 13:38<\/span><\/p>\n<\/div>\n<div id=\"post_core\" readability=\"45\">\n<p>L&rsquo;info du jour concernant Riyad Mahrez provient du journaliste d\u2018El Chiriguito TV, Jos\u00e9 Alvarez, consid\u00e9r\u00e9 comme assez fiable en Espagne. L&rsquo;international alg\u00e9rien serait dans le viseur du Bar\u00e7a de Ronald Koeman. Manchester City semble \u00eatre la chasse gard\u00e9e des recruteur du Bar\u00e7a cet \u00e9t\u00e9, avec les arriv\u00e9es du d\u00e9fenseur Eric Garcia et de l\u2019attaquant argentin Sergio Aguero. Une tendance qui pourrait bien se poursuivre avec cette approche pour l\u2019ailier des Fennecs comme l&rsquo;indique Foot365.<\/p>\n<p>Une approche notamment motiv\u00e9e par le dossier Memphis Depay. Ce dernier, convoit\u00e9 depuis tr\u00e8s longtemps par le Bar\u00e7a, s\u2019\u00e9loignerait d\u00e9sormais de la formation Blaugrana au profit d\u2019une proposition plus g\u00e9n\u00e9reuse en termes de salaire, \u00e9manant de la Juventus Turin.<\/p>\n<p><strong>Publi\u00e9 dans :<\/strong> <span>Mahrez<\/span><\/p>\n<\/div>\n<p>Auteur:<br \/>\n<a href=\"http:\/\/www.lebuteur.com\/article\/detail?titre=mahrez-dans-le-viseur-dun-grand-club-espagnol&#038;id=100312&#038;utm_source=feedburner&#038;utm_medium=feed&#038;utm_campaign=Feed%3A+GalerieFArtciles+%28Les+derniers+articles++-+lebuteur.com%29\">Cliquez ici pour lire l&rsquo;article depuis sa source.<\/a><\/p>\n","protected":false},"excerpt":{"rendered":"<p>Auteur : mardi 08 juin 2021 13:38 L&rsquo;info du jour concernant Riyad Mahrez provient du journaliste d\u2018El Chiriguito TV, Jos\u00e9 Alvarez, consid\u00e9r\u00e9 comme assez fiable en Espagne. L&rsquo;international alg\u00e9rien serait dans le viseur du Bar\u00e7a de Ronald Koeman. Manchester City semble \u00eatre la chasse gard\u00e9e des recruteur du Bar\u00e7a cet \u00e9t\u00e9, avec les arriv\u00e9es du [&hellip;]<\/p>\n","protected":false},"author":1738,"featured_media":0,"comment_status":"closed","ping_status":"closed","sticky":false,"template":"","format":"standard","meta":{"fifu_image_url":"\/\/cdn.lebuteur.com\/data\/images\/article\/thumbs\/large-mahrez-dans-le-viseur-dun-grand-club-espagnol-43953.jpg","fifu_image_alt":"International : Mahrez dans le viseur d'un grand club espagnol ?","footnotes":""},"categories":[53,75],"tags":[],"class_list":["post-118213","post","type-post","status-publish","format-standard","hentry","category-algerie","category-sport"],"_links":{"self":[{"href":"https:\/\/linitiative.ca\/International\/wp-json\/wp\/v2\/posts\/118213","targetHints":{"allow":["GET"]}}],"collection":[{"href":"https:\/\/linitiative.ca\/International\/wp-json\/wp\/v2\/posts"}],"about":[{"href":"https:\/\/linitiative.ca\/International\/wp-json\/wp\/v2\/types\/post"}],"author":[{"embeddable":true,"href":"https:\/\/linitiative.ca\/International\/wp-json\/wp\/v2\/users\/1738"}],"replies":[{"embeddable":true,"href":"https:\/\/linitiative.ca\/International\/wp-json\/wp\/v2\/comments?post=118213"}],"version-history":[{"count":0,"href":"https:\/\/linitiative.ca\/International\/wp-json\/wp\/v2\/posts\/118213\/revisions"}],"wp:attachment":[{"href":"https:\/\/linitiative.ca\/International\/wp-json\/wp\/v2\/media?parent=118213"}],"wp:term":[{"taxonomy":"category","embeddable":true,"href":"https:\/\/linitiative.ca\/International\/wp-json\/wp\/v2\/categories?post=118213"},{"taxonomy":"post_tag","embeddable":true,"href":"https:\/\/linitiative.ca\/International\/wp-json\/wp\/v2\/tags?post=118213"}],"curies":[{"name":"wp","href":"https:\/\/api.w.org\/{rel}","templated":true}]}}