{"id":118214,"date":"2021-06-08T15:14:12","date_gmt":"2021-06-08T19:14:12","guid":{"rendered":"https:\/\/linitiative.ca\/International\/divers-comite-olympique-et-sportif-algerien-hammad-reelu-a-la-presidence\/"},"modified":"2021-06-08T15:14:12","modified_gmt":"2021-06-08T19:14:12","slug":"divers-comite-olympique-et-sportif-algerien-hammad-reelu-a-la-presidence","status":"publish","type":"post","link":"https:\/\/linitiative.ca\/International\/divers-comite-olympique-et-sportif-algerien-hammad-reelu-a-la-presidence\/","title":{"rendered":"Divers : Comit\u00e9 olympique et sportif alg\u00e9rien: Hammad r\u00e9\u00e9lu \u00e0 la pr\u00e9sidence"},"content":{"rendered":"<div readability=\"32\">\n<p>Auteur : <span>APS<\/span> <span class=\"time\">mardi 08 juin 2021 14:17<\/span><\/p>\n<\/div>\n<div id=\"post_core\" readability=\"40\">\n<p>Le pr\u00e9sident sortant du Comit\u00e9 olympique et sportif alg\u00e9rien (COA), Abderrahmane Hammad, a \u00e9t\u00e9 r\u00e9\u00e9lu mardi \u00e0 la t\u00eate de l&rsquo;instance pour le mandat 2021-2024, lors de l&rsquo;assembl\u00e9e g\u00e9n\u00e9rale \u00e9lective qui se tient \u00e0 Alger. Le m\u00e9daill\u00e9 de bronze aux Jeux Olympiques de Sydney-2000 au saut en hauteur a r\u00e9colt\u00e9 105 voix contre 48 pour son concurrent et pr\u00e9sident de la F\u00e9d\u00e9ration alg\u00e9rienne de natation, Mohamed-Hakim Boughadou. Sur les 93 membres de l&rsquo;assembl\u00e9e g\u00e9n\u00e9rale du COA, 79 sont pr\u00e9sents \u00e0 cette session \u00e9lective qui se poursuit toujours pour constituer le bureau ex\u00e9cutif du prochain mandat olympique.<\/p>\n<p><strong>Publi\u00e9 dans :<\/strong> <span>Hammad<\/span><\/p>\n<\/div>\n<p>Auteur:<br \/>\n<a href=\"http:\/\/www.lebuteur.com\/article\/detail?titre=comite-olympique-et-sportif-algerien-hammad-reelu-a-la-presidence&#038;id=100313&#038;utm_source=feedburner&#038;utm_medium=feed&#038;utm_campaign=Feed%3A+GalerieFArtciles+%28Les+derniers+articles++-+lebuteur.com%29\">Cliquez ici pour lire l&rsquo;article depuis sa source.<\/a><\/p>\n","protected":false},"excerpt":{"rendered":"<p>Auteur : APS mardi 08 juin 2021 14:17 Le pr\u00e9sident sortant du Comit\u00e9 olympique et sportif alg\u00e9rien (COA), Abderrahmane Hammad, a \u00e9t\u00e9 r\u00e9\u00e9lu mardi \u00e0 la t\u00eate de l&rsquo;instance pour le mandat 2021-2024, lors de l&rsquo;assembl\u00e9e g\u00e9n\u00e9rale \u00e9lective qui se tient \u00e0 Alger. Le m\u00e9daill\u00e9 de bronze aux Jeux Olympiques de Sydney-2000 au saut en [&hellip;]<\/p>\n","protected":false},"author":1738,"featured_media":0,"comment_status":"closed","ping_status":"closed","sticky":false,"template":"","format":"standard","meta":{"fifu_image_url":"\/\/cdn.lebuteur.com\/data\/images\/article\/thumbs\/large-comite-olympique-et-sportif-algerien-hammad-reelu-a-la-presidence-a36a1.jpg","fifu_image_alt":"Divers : Comit\u00e9 olympique et sportif alg\u00e9rien: Hammad r\u00e9\u00e9lu \u00e0 la pr\u00e9sidence","footnotes":""},"categories":[53,75],"tags":[],"class_list":["post-118214","post","type-post","status-publish","format-standard","hentry","category-algerie","category-sport"],"_links":{"self":[{"href":"https:\/\/linitiative.ca\/International\/wp-json\/wp\/v2\/posts\/118214","targetHints":{"allow":["GET"]}}],"collection":[{"href":"https:\/\/linitiative.ca\/International\/wp-json\/wp\/v2\/posts"}],"about":[{"href":"https:\/\/linitiative.ca\/International\/wp-json\/wp\/v2\/types\/post"}],"author":[{"embeddable":true,"href":"https:\/\/linitiative.ca\/International\/wp-json\/wp\/v2\/users\/1738"}],"replies":[{"embeddable":true,"href":"https:\/\/linitiative.ca\/International\/wp-json\/wp\/v2\/comments?post=118214"}],"version-history":[{"count":0,"href":"https:\/\/linitiative.ca\/International\/wp-json\/wp\/v2\/posts\/118214\/revisions"}],"wp:attachment":[{"href":"https:\/\/linitiative.ca\/International\/wp-json\/wp\/v2\/media?parent=118214"}],"wp:term":[{"taxonomy":"category","embeddable":true,"href":"https:\/\/linitiative.ca\/International\/wp-json\/wp\/v2\/categories?post=118214"},{"taxonomy":"post_tag","embeddable":true,"href":"https:\/\/linitiative.ca\/International\/wp-json\/wp\/v2\/tags?post=118214"}],"curies":[{"name":"wp","href":"https:\/\/api.w.org\/{rel}","templated":true}]}}