{"id":118215,"date":"2021-06-08T15:14:14","date_gmt":"2021-06-08T19:14:14","guid":{"rendered":"https:\/\/linitiative.ca\/International\/international-barca-les-dirigeants-commencent-a-trembler-pour-depay\/"},"modified":"2021-06-08T15:14:14","modified_gmt":"2021-06-08T19:14:14","slug":"international-barca-les-dirigeants-commencent-a-trembler-pour-depay","status":"publish","type":"post","link":"https:\/\/linitiative.ca\/International\/international-barca-les-dirigeants-commencent-a-trembler-pour-depay\/","title":{"rendered":"International : Bar\u00e7a : Les dirigeants commencent \u00e0 trembler pour Depay"},"content":{"rendered":"<div readability=\"32\">\n<p>Auteur : <span class=\"time\">mardi 08 juin 2021 15:00<\/span><\/p>\n<\/div>\n<div id=\"post_core\" readability=\"40\">\n<p>Selon les renseignements recueillis par le\u00a0Mundo Deportivo et Topmercato,\u00a0les dirigeants barcelonais ont fait une proposition\u00a0au N\u00e9erlandais et attendent sa r\u00e9ponse. Ils commenceraient \u00e0 craindre que l\u2019attaquant ne fasse comme Georginio Wijnaldum et rejoigne un autre club capable de lui proposer une meilleure r\u00e9mun\u00e9ration. Et comme son compatriote, Depay serait cibl\u00e9 par le PSG. Autant dire que les Catalans ne sont pas sereins, d\u2019autant que l\u2019Inter Milan et la Juventus auraient aussi transmis une offre.<\/p>\n<p><strong>Publi\u00e9 dans :<\/strong> <span>Bar\u00e7a : Depay<\/span><\/p>\n<\/div>\n<p>Auteur:<br \/>\n<a href=\"http:\/\/www.lebuteur.com\/article\/detail?titre=barca-les-dirigeants-commencent-a-trembler-pour-depay&#038;id=100314&#038;utm_source=feedburner&#038;utm_medium=feed&#038;utm_campaign=Feed%3A+GalerieFArtciles+%28Les+derniers+articles++-+lebuteur.com%29\">Cliquez ici pour lire l&rsquo;article depuis sa source.<\/a><\/p>\n","protected":false},"excerpt":{"rendered":"<p>Auteur : mardi 08 juin 2021 15:00 Selon les renseignements recueillis par le\u00a0Mundo Deportivo et Topmercato,\u00a0les dirigeants barcelonais ont fait une proposition\u00a0au N\u00e9erlandais et attendent sa r\u00e9ponse. Ils commenceraient \u00e0 craindre que l\u2019attaquant ne fasse comme Georginio Wijnaldum et rejoigne un autre club capable de lui proposer une meilleure r\u00e9mun\u00e9ration. Et comme son compatriote, Depay [&hellip;]<\/p>\n","protected":false},"author":1738,"featured_media":0,"comment_status":"closed","ping_status":"closed","sticky":false,"template":"","format":"standard","meta":{"fifu_image_url":"\/\/cdn.lebuteur.com\/data\/images\/article\/thumbs\/large-100314barca-les-dirigeants-commencent-a-trembler-pour-depay-0e2b2.jpg","fifu_image_alt":"International : Bar\u00e7a : Les dirigeants commencent \u00e0 trembler pour Depay","footnotes":""},"categories":[53,75],"tags":[],"class_list":["post-118215","post","type-post","status-publish","format-standard","hentry","category-algerie","category-sport"],"_links":{"self":[{"href":"https:\/\/linitiative.ca\/International\/wp-json\/wp\/v2\/posts\/118215","targetHints":{"allow":["GET"]}}],"collection":[{"href":"https:\/\/linitiative.ca\/International\/wp-json\/wp\/v2\/posts"}],"about":[{"href":"https:\/\/linitiative.ca\/International\/wp-json\/wp\/v2\/types\/post"}],"author":[{"embeddable":true,"href":"https:\/\/linitiative.ca\/International\/wp-json\/wp\/v2\/users\/1738"}],"replies":[{"embeddable":true,"href":"https:\/\/linitiative.ca\/International\/wp-json\/wp\/v2\/comments?post=118215"}],"version-history":[{"count":0,"href":"https:\/\/linitiative.ca\/International\/wp-json\/wp\/v2\/posts\/118215\/revisions"}],"wp:attachment":[{"href":"https:\/\/linitiative.ca\/International\/wp-json\/wp\/v2\/media?parent=118215"}],"wp:term":[{"taxonomy":"category","embeddable":true,"href":"https:\/\/linitiative.ca\/International\/wp-json\/wp\/v2\/categories?post=118215"},{"taxonomy":"post_tag","embeddable":true,"href":"https:\/\/linitiative.ca\/International\/wp-json\/wp\/v2\/tags?post=118215"}],"curies":[{"name":"wp","href":"https:\/\/api.w.org\/{rel}","templated":true}]}}