{"id":118220,"date":"2021-06-08T07:00:40","date_gmt":"2021-06-08T11:00:40","guid":{"rendered":"https:\/\/linitiative.ca\/International\/reprise-des-vols-internationaux-nouvelle-liaison-alger-rome-alger-assuree-chaque-samedi\/"},"modified":"2021-06-08T07:00:40","modified_gmt":"2021-06-08T11:00:40","slug":"reprise-des-vols-internationaux-nouvelle-liaison-alger-rome-alger-assuree-chaque-samedi","status":"publish","type":"post","link":"https:\/\/linitiative.ca\/International\/reprise-des-vols-internationaux-nouvelle-liaison-alger-rome-alger-assuree-chaque-samedi\/","title":{"rendered":"Reprise des vols internationaux : nouvelle liaison Alger-Rome-Alger assur\u00e9e chaque samedi"},"content":{"rendered":"<h4 class=\"title-14\"\/>\n<p>La Compagnie a\u00e9rienne nationale Air Alg\u00e9rie a annonc\u00e9 mardi 8 juin l\u2019ouverture de la vente de billets sur la ligne Alger-Rome-Alger, dans le cadre de l\u2019ouverture partielle des fronti\u00e8res et la reprise des vols internationaux. Cette nouvelle liaison est pr\u00e9vue tous les samedis \u00e0 partir du 12 juin prochain, a pr\u00e9cis\u00e9 la compagnie nationale dans une publication sur ses comptes officiels sur les r\u00e9seaux sociaux.<\/p>\n<p>A rappeler que la reprise des vols d\u2019Air Alg\u00e9rie s\u2019est effectu\u00e9e \u00e0 partir du 1 juin en cours. Les vols d\u00e9j\u00e0 assur\u00e9s sont : Constantine-Tunis-Constantine tous les vendredis, Alger-Istanbul-Alger (tous les dimanches), Alger-Paris (ORLY)-Alger (tous les mardis et jeudis), Alger-Marseille-Oran (tous les\u00a0\u00a0 samedis) et Alger-Barcelone-Alger (tous les mercredis) ainsi que Alger-Frankfurt-Alger (tous les mercredis).<\/p>\n<p><span class=\"post-views-label\">Post Views:<\/span> <span class=\"post-views-count\">599<\/span><\/p>\n<p><br class=\"c2\"\/><\/p>\n<div class=\"ichhar-moneytagnative c4\" id=\"ichhar-1647595280\">\n<p>Advertisements<\/p>\n<\/div>\n<p><br class=\"c2\"\/><br \/>\n<br class=\"c5\"\/><br \/>\nAuteur: Abdelghani Aichoun<br \/>\n<a href=\"https:\/\/www.elwatan.com\/edition\/actualite\/reprise-des-vols-internationaux-nouvelle-liaison-alger-rome-alger-assuree-chaque-samedi-08-06-2021\">Cliquez ici pour lire l&rsquo;article depuis sa source.<\/a><\/p>\n","protected":false},"excerpt":{"rendered":"<p>La Compagnie a\u00e9rienne nationale Air Alg\u00e9rie a annonc\u00e9 mardi 8 juin l\u2019ouverture de la vente de billets sur la ligne Alger-Rome-Alger, dans le cadre de l\u2019ouverture partielle des fronti\u00e8res et la reprise des vols internationaux. Cette nouvelle liaison est pr\u00e9vue tous les samedis \u00e0 partir du 12 juin prochain, a pr\u00e9cis\u00e9 la compagnie nationale dans [&hellip;]<\/p>\n","protected":false},"author":1743,"featured_media":0,"comment_status":"closed","ping_status":"closed","sticky":false,"template":"","format":"standard","meta":{"fifu_image_url":"","fifu_image_alt":"","footnotes":""},"categories":[73,53],"tags":[],"class_list":["post-118220","post","type-post","status-publish","format-standard","hentry","category-actualite","category-algerie"],"_links":{"self":[{"href":"https:\/\/linitiative.ca\/International\/wp-json\/wp\/v2\/posts\/118220","targetHints":{"allow":["GET"]}}],"collection":[{"href":"https:\/\/linitiative.ca\/International\/wp-json\/wp\/v2\/posts"}],"about":[{"href":"https:\/\/linitiative.ca\/International\/wp-json\/wp\/v2\/types\/post"}],"author":[{"embeddable":true,"href":"https:\/\/linitiative.ca\/International\/wp-json\/wp\/v2\/users\/1743"}],"replies":[{"embeddable":true,"href":"https:\/\/linitiative.ca\/International\/wp-json\/wp\/v2\/comments?post=118220"}],"version-history":[{"count":0,"href":"https:\/\/linitiative.ca\/International\/wp-json\/wp\/v2\/posts\/118220\/revisions"}],"wp:attachment":[{"href":"https:\/\/linitiative.ca\/International\/wp-json\/wp\/v2\/media?parent=118220"}],"wp:term":[{"taxonomy":"category","embeddable":true,"href":"https:\/\/linitiative.ca\/International\/wp-json\/wp\/v2\/categories?post=118220"},{"taxonomy":"post_tag","embeddable":true,"href":"https:\/\/linitiative.ca\/International\/wp-json\/wp\/v2\/tags?post=118220"}],"curies":[{"name":"wp","href":"https:\/\/api.w.org\/{rel}","templated":true}]}}