{"id":118224,"date":"2021-06-08T11:08:00","date_gmt":"2021-06-08T15:08:00","guid":{"rendered":"https:\/\/linitiative.ca\/International\/pr-ammar-mahjoubi-ce-vendredi-a-beit-al-hikma-pour-la-presentation-de-son-livre-melange-dhistoire-ancienne\/"},"modified":"2021-06-08T11:08:00","modified_gmt":"2021-06-08T15:08:00","slug":"pr-ammar-mahjoubi-ce-vendredi-a-beit-al-hikma-pour-la-presentation-de-son-livre-melange-dhistoire-ancienne","status":"publish","type":"post","link":"https:\/\/linitiative.ca\/International\/pr-ammar-mahjoubi-ce-vendredi-a-beit-al-hikma-pour-la-presentation-de-son-livre-melange-dhistoire-ancienne\/","title":{"rendered":"Pr Ammar Mahjoubi ce vendredi \u00e0 Beit al Hikma pour la pr\u00e9sentation de son livre \u2018\u2019M\u00e9lange d\u2019histoire ancienne\u2019\u2019"},"content":{"rendered":"<p>C\u2019est une s\u00e9ance riche et dense qui s\u2019annonce ce vendredi 11 juin 2021 apr\u00e8s-midi \u00e0 Beit al Hikma \u00e0 Carthage \u00e0 l\u2019occasion de la pr\u00e9sentation du livre du Pr Ammar Mahjoubi, intitul\u00e9 \u2018\u2019M\u00e9lange d\u2019histoire ancienne\u2019\u2019. Le d\u00e9partement des sciences humaines et sociales de l\u2019Acad\u00e9mie tunisienne des sciences, des lettres et des arts (Be\u00eft al Hikma), dirig\u00e9 par le Pr Mounira Chapoutot en a pris l\u2019initiative, c\u00e9l\u00e9brant ainsi un \u00e9minent historien tunisien. <a href=\"https:\/\/www.beitalhikma.tn\/%d8%aa%d9%82%d8%af%d9%8a%d9%85-%d9%83%d8%aa%d8%a7%d8%a8-melanges-dhistoire-ancienne-%d9%84%d9%84%d8%a3%d8%b3%d8%aa%d8%a7%d8%b0-%d8%b9%d9%85%d8%a7%d8%b1-%d9%85%d8%ad%d8%ac%d9%88%d8%a8\/\" target=\"_blank\" rel=\"noopener\">L\u2019ouvrage sera pr\u00e9sent\u00e9 par le Pr Houcine Ja\u00efdi,<\/a> l\u2019un des disciples du Pr Mahjoubi. Co\u00e9dit\u00e9 par l\u2019Acad\u00e9mie et les \u00e9ditions Leaders, \u2018\u2019M\u00e9lange d\u2019histoire ancienne\u2019\u2019, invite le lecteur \u00e0 p\u00e9r\u00e9griner de Carthage, celle de l\u2019\u00e9poque unique, au Proche Orient des Ach\u00e9m\u00e9nides et des H\u00e9breux&#8230; et de Rome, sous l\u2019Empire \u00e0 sa province africaine et aux royaumes indig\u00e8nes de l\u2019occident maghr\u00e9bin. A travers une trentaine d\u2019articles, des opinions et des r\u00e9flexions, publi\u00e9s dans Leaders, le Pr Ammar Mahjoubi rappelle et interpelle, sollicitant, sous sa plume d\u2019\u00e9rudit, en toute finesse, l\u2019int\u00e9r\u00eat du lecteur.<\/p>\n<p><span class=\"c2\">Membre actif de l\u2019Acad\u00e9mie tunisienne des sciences, des lettres et des arts Be\u00eft al Hikma et ancien directeur de l\u2019Ecole normale sup\u00e9rieure de Tunis, Ammar Mahjoubi est professeur \u00e9m\u00e9rite (Universit\u00e9 de Tunis). On lui doit plusieurs travaux, ouvrages, articles et contributions diverses parus dans des revues scientifiques sp\u00e9cialis\u00e9es<\/span><\/p>\n<p><strong><span class=\"c2\">Vendredi 11 juin 2021 \u00e0 partir de 16h30<\/span><\/strong><\/p>\n<p class=\"MsoNormal\"><a href=\"https:\/\/www.beitalhikma.tn\/fr\/\" target=\"_blank\" rel=\"noopener\">Beit al Hikma<\/a> \u2013 Carthage<\/p>\n<h2><span class=\"c3\"><strong>M\u00e9lange d\u2019histoire ancienne<\/strong><\/span><\/h2>\n<p class=\"MsoNormal\">de Ammar Mahjoubi<\/p>\n<p class=\"MsoNormal\">318 pages, 35 DT<\/p>\n<p class=\"MsoNormal\">Disponible en librairies et sur <a href=\"https:\/\/www.leadersbooks.com.tn\/produit\/melanges-dhistoire-ancienne\/\">leadersbooks.com.tn<\/a><\/p>\n<p class=\"MsoNormal\"><strong><span class=\"c4\">Version digitale<\/span><\/strong> sur <a href=\"https:\/\/www.leadersbooks.com.tn\/produit\/e-book-melanges-dhistoire-ancienne\/\">leadersbooks.com.tn<\/a> (19 DT) et <a href=\"https:\/\/www.amazon.fr\/M%C3%A9langes-dhistoire-ancienne-Leaders-S%C3%A9rie-ebook\/dp\/B095C84N8S\/ref=sr_1_2?__mk_fr_FR=%C3%85M%C3%85%C5%BD%C3%95%C3%91&amp;dchild=1&amp;keywords=ammar+mahjoubi&amp;qid=1623164603&amp;s=digital-text&amp;sr=1-2\">Amazon Kindle<\/a> (9,99 \u20ac)<\/p>\n<p class=\"MsoNormal\">\u00a0<\/p>\n<h2>Introduction<\/h2>\n<p class=\"MsoNormal\">En 2017, un ami, ancien ambassadeur, m\u2019avait convi\u00e9 \u00e0 des r\u00e9unions cens\u00e9es pr\u00e9parer la mati\u00e8re d\u2019un manuel d\u2019histoire destin\u00e9 aux ambassadeurs de notre pays en terre \u00e9trang\u00e8re ; une histoire de la Tunisie cibl\u00e9e en quelque sorte, destin\u00e9e \u00e0 informer, \u00e0 faire conna\u00eetre.<\/p>\n<p class=\"MsoNormal\">Quoiqu\u2019int\u00e9ressant, susceptible d\u2019\u00eatre discut\u00e9 et approfondi, le projet fut malheureusement remis\u00e9 sans suite, faute de budget. Mais \u00e0 l\u2019issue de ces r\u00e9unions, tenues dans les locaux du magazine Leaders, notre h\u00f4te, M. Taoufik Habaieb, exprima le souhait d\u2019enrichir le sommaire de sa revue, en la dotant d\u2019une rubrique d\u2019histoire ancienne, et me proposa d\u2019y contribuer. Son insistance amicale, d\u00e9sarmante, eut raison de mes r\u00e9ticences, car je m\u2019\u00e9tais longtemps abstenu, des ann\u00e9es durant lorsque j\u2019exer\u00e7ais mon m\u00e9tier d\u2019enseignant, de suivre l\u2019exemple des coll\u00e8gues qui se r\u00e9pandaient dans des quotidiens, dont certains justifiaient les pr\u00e9ventions hostiles de l\u2019humoriste George Bernard Shaw ; n\u2019\u00e9crivait-il pas qu\u2019un journal est \u00abune institution incapable de faire la diff\u00e9rence entre un accident de bicyclette et l\u2019effondrement d\u2019une civilisation\u00bb ?<\/p>\n<p class=\"MsoNormal\">L\u2019int\u00e9r\u00eat manifest\u00e9 pour un premier article sur \u00abL\u2019\u00e9radication au Maghreb de la langue et de la culture latines\u00bb me persuada, par la suite, de publier r\u00e9guli\u00e8rement dans Leaders des articles d\u2019histoire ancienne; pour comprendre et faire comprendre une \u00e9poque lointaine, dont les vestiges pars\u00e8ment toutes les r\u00e9gions de notre pays, pour pallier des lacunes, traquer et pourchasser erreurs et aberrations, montrer la diversit\u00e9 et les contrastes de notre aventure historique, illustr\u00e9s par la vari\u00e9t\u00e9 de ses cultures, de ses religions et de ses langues. Tout en s\u2019effor\u00e7ant d\u2019ob\u00e9ir scrupuleusement aux r\u00e8gles du m\u00e9tier, m\u00eame si un magazine n\u2019est pas une revue scientifique, la documentation se devait donc d\u2019\u00eatre solide, et le jargon scientifique faire place \u00e0 un r\u00e9cit charpent\u00e9. Mais les pr\u00e9occupations de l\u2019heure pouvaient imposer, parfois, leur contrainte, tant il est vrai que le pr\u00e9sent n\u2019est jamais bien loin des pr\u00e9occupations de l\u2019historien, du choix de ses sujets. Pr\u00e9sent qui a impos\u00e9, quelquefois, de rapprocher la connaissance du pass\u00e9, des probl\u00e8mes et des enjeux du moment. Faut-il confesser, enfin, qu\u2019\u00e9crire, se rem\u00e9morer le pass\u00e9 lointain, permet aussi de s\u2019\u00e9vader, d\u2019oublier ne serait-ce qu\u2019un temps une conjoncture nationale devenue tendue, oppressante, une d\u00e9sillusion qui perdure et empire.<\/p>\n<p class=\"MsoNormal\">Dans ces m\u00e9langes sont r\u00e9unis une trentaine d\u2019articles qui abordent des questions et des sujets certes vari\u00e9s et dissemblables, mais qui respectent n\u00e9anmoins l\u2019unit\u00e9 de temps (l\u2019antiquit\u00e9) et celle de l\u2019espace (la M\u00e9diterran\u00e9e). Ils sont class\u00e9s et r\u00e9partis en cinq rubriques : Le Proche-Orient antique ; Carthage et les royaumes numides ; Rome et sa province africaine ; Le fait religieux, les h\u00e9breux et le monoth\u00e9isme ; R\u00e9flexions et opinions diverses sur la cit\u00e9 antique, la d\u00e9mocratie, l\u2019opinion publique, l\u2019apolitisme\u2026<\/p>\n<p class=\"MsoNormal\">En proposant ces articles, je pensais que les questions trait\u00e9es pouvaient susciter notre int\u00e9r\u00eat, et m\u00eame parfois nous interpeller. En les rassemblant dans un livre, j\u2019esp\u00e8re exaucer les voeux d\u2019amis, de coll\u00e8gues et de nombre de mes anciens \u00e9tudiants.<\/p>\n<p class=\"MsoNormal\"><strong>A.M.<\/strong><\/p>\n<p class=\"MsoNormal\">\u00a0<\/p>\n<p class=\"MsoNormal c6\"><span class=\"c7\">\u00a0<\/span><\/p>\n<p class=\"MsoNormal\">\u00a0<\/p>\n<p>Auteur:<br \/>\n<a href=\"https:\/\/www.leaders.com.tn\/article\/32000-pr-ammar-mahjoubi-ce-vendredi-a-beit-al-hikma-pour-la-presentation-de-son-livre-melange-d-histoire-ancienne\">Cliquez ici pour lire l&rsquo;article depuis sa source.<\/a><\/p>\n","protected":false},"excerpt":{"rendered":"<p>C\u2019est une s\u00e9ance riche et dense qui s\u2019annonce ce vendredi 11 juin 2021 apr\u00e8s-midi \u00e0 Beit al Hikma \u00e0 Carthage \u00e0 l\u2019occasion de la pr\u00e9sentation du livre du Pr Ammar Mahjoubi, intitul\u00e9 \u2018\u2019M\u00e9lange d\u2019histoire ancienne\u2019\u2019. Le d\u00e9partement des sciences humaines et sociales de l\u2019Acad\u00e9mie tunisienne des sciences, des lettres et des arts (Be\u00eft al Hikma), [&hellip;]<\/p>\n","protected":false},"author":1772,"featured_media":0,"comment_status":"closed","ping_status":"closed","sticky":false,"template":"","format":"standard","meta":{"fifu_image_url":"","fifu_image_alt":"","footnotes":""},"categories":[73,55],"tags":[],"class_list":["post-118224","post","type-post","status-publish","format-standard","hentry","category-actualite","category-tunisie"],"_links":{"self":[{"href":"https:\/\/linitiative.ca\/International\/wp-json\/wp\/v2\/posts\/118224","targetHints":{"allow":["GET"]}}],"collection":[{"href":"https:\/\/linitiative.ca\/International\/wp-json\/wp\/v2\/posts"}],"about":[{"href":"https:\/\/linitiative.ca\/International\/wp-json\/wp\/v2\/types\/post"}],"author":[{"embeddable":true,"href":"https:\/\/linitiative.ca\/International\/wp-json\/wp\/v2\/users\/1772"}],"replies":[{"embeddable":true,"href":"https:\/\/linitiative.ca\/International\/wp-json\/wp\/v2\/comments?post=118224"}],"version-history":[{"count":0,"href":"https:\/\/linitiative.ca\/International\/wp-json\/wp\/v2\/posts\/118224\/revisions"}],"wp:attachment":[{"href":"https:\/\/linitiative.ca\/International\/wp-json\/wp\/v2\/media?parent=118224"}],"wp:term":[{"taxonomy":"category","embeddable":true,"href":"https:\/\/linitiative.ca\/International\/wp-json\/wp\/v2\/categories?post=118224"},{"taxonomy":"post_tag","embeddable":true,"href":"https:\/\/linitiative.ca\/International\/wp-json\/wp\/v2\/tags?post=118224"}],"curies":[{"name":"wp","href":"https:\/\/api.w.org\/{rel}","templated":true}]}}