{"id":118228,"date":"2021-06-08T13:02:57","date_gmt":"2021-06-08T17:02:57","guid":{"rendered":"https:\/\/linitiative.ca\/International\/france-voici-les-conditions-dentree-et-de-sortie-depuis-le-maroc\/"},"modified":"2021-06-08T13:02:57","modified_gmt":"2021-06-08T17:02:57","slug":"france-voici-les-conditions-dentree-et-de-sortie-depuis-le-maroc","status":"publish","type":"post","link":"https:\/\/linitiative.ca\/International\/france-voici-les-conditions-dentree-et-de-sortie-depuis-le-maroc\/","title":{"rendered":"France : voici les conditions d\u2019entr\u00e9e et de sortie depuis le Maroc"},"content":{"rendered":"<p><strong>Les autorit\u00e9s marocaines ont d\u00e9cid\u00e9 la reprise des vols de et vers le Royaume \u00e0 compter du mardi 15 juin 2021, tandis qu\u2019\u00e0 compter du 9 juin 2021, les flux de voyageurs entre la France et les pays \u00e9trangers seront rouverts selon des modalit\u00e9s qui varient en fonction de la situation sanitaire des pays tiers et de la vaccination des voyageurs.<\/strong><\/p>\n<div class=\"c10\">\n<\/div>\n<p>L\u2019Ambassade de France au Maroc rappelle dans ce sens que selon la classification des pays au 2 juin 2021 sur la base des indicateurs sanitaires, le Maroc est class\u00e9 pays \u00ab\u00a0orange\u00a0\u00bb \u00a0: circulation active du virus dans des proportions ma\u00eetris\u00e9es, sans diffusion de variants pr\u00e9occupants. A ce titre et en tenant compte de la situation vaccinale des voyageurs, les conditions d\u2019entr\u00e9e sur le territoire fran\u00e7ais depuis le Maroc sont les suivantes\u00a0:<\/p>\n<figure class=\"wp-block-image size-large is-resized\"><img decoding=\"async\" loading=\"lazy\" src=\"https:\/\/www.challenge.ma\/wp-content\/uploads\/2021\/06\/France-Maroc.jpg\" alt=\"\" class=\"wp-image-187529\" width=\"779\" height=\"351\" srcset=\"https:\/\/www.challenge.ma\/wp-content\/uploads\/2021\/06\/France-Maroc.jpg 655w, https:\/\/www.challenge.ma\/wp-content\/uploads\/2021\/06\/France-Maroc-300x135.jpg 300w, https:\/\/www.challenge.ma\/wp-content\/uploads\/2021\/06\/France-Maroc-360x162.jpg 360w\" sizes=\"auto, (max-width: 779px) 100vw, 779px\"\/><\/figure>\n<p>\u00c0 noter que les cat\u00e9gories ci-dessous n\u2019ont pas besoin de d\u00e9montrer le motif imp\u00e9rieux pour entrer en France depuis le Maroc\u00a0:<br \/>\u2013 Fran\u00e7ais (ainsi qu\u2019\u00e0 leurs conjoints et enfants) ;<br \/>\u2013 ressortissants \u00e9trangers (ressortissants europ\u00e9ens et ressortissants de pays tiers) r\u00e9sidant en France (avec un titre de s\u00e9jour en cours de validit\u00e9) ;<br \/>\u2013 ressortissants de l\u2019espace europ\u00e9en ainsi que leurs conjoints et enfants qui rejoignent, en transit par la France, leur r\u00e9sidence principale dans un pays de l\u2019espace europ\u00e9en.<\/p>\n<p><strong>Lire aussi | <a href=\"https:\/\/www.challenge.ma\/marhaba-2021-lexclusion-fait-perdre-500-millions-deuros-aux-entreprises-espagnoles-187499\/\" target=\"_blank\" rel=\"noreferrer noopener\">Marhaba 2021 : l\u2019exclusion fait perdre 500 millions d\u2019euros aux entreprises espagnoles<\/a><\/strong><\/p>\n<p>\u00c0 noter que le Royaume a class\u00e9 la France dans la liste A. Ainsi, les passagers en provenance de l\u2019hexagone devront disposer d\u2019un certificat de vaccination et\/ou d\u2019un r\u00e9sultat n\u00e9gatif d\u2019un test PCR d\u2019au moins 48 heures de la date d\u2019entr\u00e9e au territoire marocain.<\/p>\n<p>Les titulaires des certificats de vaccination \u00e9trangers b\u00e9n\u00e9ficieront des m\u00eames avantages accord\u00e9s par le certificat de vaccination marocain aux citoyens marocains sur le territoire national, \u00e0 savoir effectuer des d\u00e9placements sur l\u2019ensemble du territoire national sans restriction et de circuler au-del\u00e0 du couvre-feu.<\/p>\n<p>Auteur: challenge<br \/>\n<a href=\"https:\/\/www.challenge.ma\/france-voici-les-conditions-dentree-et-de-sortie-depuis-le-maroc-187527\/\">Cliquez ici pour lire l&rsquo;article depuis sa source.<\/a><\/p>\n","protected":false},"excerpt":{"rendered":"<p>Les autorit\u00e9s marocaines ont d\u00e9cid\u00e9 la reprise des vols de et vers le Royaume \u00e0 compter du mardi 15 juin 2021, tandis qu\u2019\u00e0 compter du 9 juin 2021, les flux de voyageurs entre la France et les pays \u00e9trangers seront rouverts selon des modalit\u00e9s qui varient en fonction de la situation sanitaire des pays tiers [&hellip;]<\/p>\n","protected":false},"author":1787,"featured_media":0,"comment_status":"closed","ping_status":"closed","sticky":false,"template":"","format":"standard","meta":{"fifu_image_url":"https:\/\/www.challenge.ma\/wp-content\/uploads\/2021\/06\/France-Maroc.jpg","fifu_image_alt":"France : voici les conditions d\u2019entr\u00e9e et de sortie depuis le Maroc","footnotes":""},"categories":[78,54],"tags":[],"class_list":["post-118228","post","type-post","status-publish","format-standard","hentry","category-economie","category-maroc"],"_links":{"self":[{"href":"https:\/\/linitiative.ca\/International\/wp-json\/wp\/v2\/posts\/118228","targetHints":{"allow":["GET"]}}],"collection":[{"href":"https:\/\/linitiative.ca\/International\/wp-json\/wp\/v2\/posts"}],"about":[{"href":"https:\/\/linitiative.ca\/International\/wp-json\/wp\/v2\/types\/post"}],"author":[{"embeddable":true,"href":"https:\/\/linitiative.ca\/International\/wp-json\/wp\/v2\/users\/1787"}],"replies":[{"embeddable":true,"href":"https:\/\/linitiative.ca\/International\/wp-json\/wp\/v2\/comments?post=118228"}],"version-history":[{"count":0,"href":"https:\/\/linitiative.ca\/International\/wp-json\/wp\/v2\/posts\/118228\/revisions"}],"wp:attachment":[{"href":"https:\/\/linitiative.ca\/International\/wp-json\/wp\/v2\/media?parent=118228"}],"wp:term":[{"taxonomy":"category","embeddable":true,"href":"https:\/\/linitiative.ca\/International\/wp-json\/wp\/v2\/categories?post=118228"},{"taxonomy":"post_tag","embeddable":true,"href":"https:\/\/linitiative.ca\/International\/wp-json\/wp\/v2\/tags?post=118228"}],"curies":[{"name":"wp","href":"https:\/\/api.w.org\/{rel}","templated":true}]}}