{"id":118229,"date":"2021-06-08T13:46:39","date_gmt":"2021-06-08T17:46:39","guid":{"rendered":"https:\/\/linitiative.ca\/International\/frontieres-maritimes-lespagne-declare-respecter-les-restrictions-imposees-par-le-maroc\/"},"modified":"2021-06-08T13:46:39","modified_gmt":"2021-06-08T17:46:39","slug":"frontieres-maritimes-lespagne-declare-respecter-les-restrictions-imposees-par-le-maroc","status":"publish","type":"post","link":"https:\/\/linitiative.ca\/International\/frontieres-maritimes-lespagne-declare-respecter-les-restrictions-imposees-par-le-maroc\/","title":{"rendered":"Fronti\u00e8res maritimes : l\u2019Espagne d\u00e9clare respecter les restrictions impos\u00e9es par le Maroc"},"content":{"rendered":"<p><strong>Dans un contexte de tensions pesantes et croissantes au niveau diplomatique entre les deux pays, l\u2019Espagne dit respecter la d\u00e9cision du Maroc de restreindre les voyages maritimes entre les deux pays.<\/strong><\/p>\n<div class=\"c10\">\n<\/div>\n<p>Le gouvernement espagnol se dit compr\u00e9hensif \u00e9tant donn\u00e9 que la d\u00e9cision marocaine est fond\u00e9e sur des crit\u00e8res sanitaires, a d\u00e9clar\u00e9 mardi la porte-parole du gouvernement.<\/p>\n<p><strong>Lire aussi | <a href=\"https:\/\/www.challenge.ma\/france-voici-les-conditions-dentree-et-de-sortie-depuis-le-maroc-187527\/\" target=\"_blank\" rel=\"noreferrer noopener\">France : voici les conditions d\u2019entr\u00e9e et de sortie depuis le Maroc<\/a><\/strong><\/p>\n<p>\u00ab\u00a0Nous vivons une situation tr\u00e8s similaire \u00e0 celle de l\u2019ann\u00e9e derni\u00e8re, avec m\u00eame une incidence plus \u00e9lev\u00e9e, et nous sommes tous d\u2019accord pour dire que la meilleure solution est de suspendre l\u2019op\u00e9ration de travers\u00e9e du d\u00e9troit\/Marhaba\u00a0\u00bb, a d\u00e9clar\u00e9 la porte-parole Mar\u00eda Jes\u00fas Montero aux journalistes.<\/p>\n<p>Ce trajet est \u00e0 ce jour le plus utilis\u00e9 par les personnes d\u00e9sirant franchir la fronti\u00e8re maritime. A titre d\u2019exemple et en 2019, 3.340.045 personnes et 760.215 v\u00e9hicules ont travers\u00e9 les fronti\u00e8res. La plupart des citoyens pr\u00e9f\u00e8rent voyager directement de l\u2019Andalousie au nord du Maroc. En effet, l\u2019itin\u00e9raire le plus utilis\u00e9 \u00e9tait Algeciras-Tanger Med avec 36,4% des passagers.<\/p>\n<p><strong>Lire aussi | <a href=\"https:\/\/www.challenge.ma\/marhaba-2021-lexclusion-fait-perdre-500-millions-deuros-aux-entreprises-espagnoles-187499\/\" target=\"_blank\" rel=\"noreferrer noopener\">Marhaba 2021 : l\u2019exclusion fait perdre 500 millions d\u2019euros aux entreprises espagnoles<\/a><\/strong><\/p>\n<p>Pour rappel, l\u2019op\u00e9ration Marhaba et l\u2019exode estival n\u2019ont pas eu lieu l\u2019ann\u00e9e derni\u00e8re en raison des restrictions impos\u00e9es pour enrayer la pand\u00e9mie du Covid-19. Le Maroc a donc d\u00e9cid\u00e9 de poursuivre dans cette lanc\u00e9e avec son voisin espagnol. A l\u2019image de l\u2019ann\u00e9e derni\u00e8re, les Marocains r\u00e9sidant en Europe pourront passer par les ports fran\u00e7ais et italiens.<\/p>\n<p>Auteur: Amine Messaoudi<br \/>\n<a href=\"https:\/\/www.challenge.ma\/frontieres-maritimes-lespagne-declare-respecter-les-restrictions-imposees-par-le-maroc-187545\/\">Cliquez ici pour lire l&rsquo;article depuis sa source.<\/a><\/p>\n","protected":false},"excerpt":{"rendered":"<p>Dans un contexte de tensions pesantes et croissantes au niveau diplomatique entre les deux pays, l\u2019Espagne dit respecter la d\u00e9cision du Maroc de restreindre les voyages maritimes entre les deux pays. Le gouvernement espagnol se dit compr\u00e9hensif \u00e9tant donn\u00e9 que la d\u00e9cision marocaine est fond\u00e9e sur des crit\u00e8res sanitaires, a d\u00e9clar\u00e9 mardi la porte-parole du [&hellip;]<\/p>\n","protected":false},"author":1787,"featured_media":0,"comment_status":"closed","ping_status":"closed","sticky":false,"template":"","format":"standard","meta":{"fifu_image_url":"","fifu_image_alt":"","footnotes":""},"categories":[78,54],"tags":[],"class_list":["post-118229","post","type-post","status-publish","format-standard","hentry","category-economie","category-maroc"],"_links":{"self":[{"href":"https:\/\/linitiative.ca\/International\/wp-json\/wp\/v2\/posts\/118229","targetHints":{"allow":["GET"]}}],"collection":[{"href":"https:\/\/linitiative.ca\/International\/wp-json\/wp\/v2\/posts"}],"about":[{"href":"https:\/\/linitiative.ca\/International\/wp-json\/wp\/v2\/types\/post"}],"author":[{"embeddable":true,"href":"https:\/\/linitiative.ca\/International\/wp-json\/wp\/v2\/users\/1787"}],"replies":[{"embeddable":true,"href":"https:\/\/linitiative.ca\/International\/wp-json\/wp\/v2\/comments?post=118229"}],"version-history":[{"count":0,"href":"https:\/\/linitiative.ca\/International\/wp-json\/wp\/v2\/posts\/118229\/revisions"}],"wp:attachment":[{"href":"https:\/\/linitiative.ca\/International\/wp-json\/wp\/v2\/media?parent=118229"}],"wp:term":[{"taxonomy":"category","embeddable":true,"href":"https:\/\/linitiative.ca\/International\/wp-json\/wp\/v2\/categories?post=118229"},{"taxonomy":"post_tag","embeddable":true,"href":"https:\/\/linitiative.ca\/International\/wp-json\/wp\/v2\/tags?post=118229"}],"curies":[{"name":"wp","href":"https:\/\/api.w.org\/{rel}","templated":true}]}}