{"id":118233,"date":"2021-06-08T16:12:48","date_gmt":"2021-06-08T20:12:48","guid":{"rendered":"https:\/\/linitiative.ca\/International\/planification-dun-nouveau-massacre-contre-les-chiens-errants-au-debut-de-la-saison-touristique\/"},"modified":"2021-06-08T16:12:48","modified_gmt":"2021-06-08T20:12:48","slug":"planification-dun-nouveau-massacre-contre-les-chiens-errants-au-debut-de-la-saison-touristique","status":"publish","type":"post","link":"https:\/\/linitiative.ca\/International\/planification-dun-nouveau-massacre-contre-les-chiens-errants-au-debut-de-la-saison-touristique\/","title":{"rendered":"Planification d\u2019un nouveau massacre contre les chiens errants au d\u00e9but de la saison touristique"},"content":{"rendered":"<div id=\"content-main\" class=\"left relative left relative\">\n<div class=\"post-info-out\">\n<div class=\"post-info-img left relative\"><img decoding=\"async\" alt=\"\" src=\"https:\/\/secure.gravatar.com\/avatar\/b658f27b24160a89d557421a966e5ca1?s=50&amp;d=mm&amp;r=g\" srcset=\"https:\/\/secure.gravatar.com\/avatar\/b658f27b24160a89d557421a966e5ca1?s=100&amp;d=mm&amp;r=g 2x\" class=\"avatar avatar-50 photo\" height=\"50\" width=\"50\" loading=\"lazy\"\/><\/div>\n<div class=\"post-info-in\">\n<div class=\"post-info-right left relative post-info-name left relative\"><span><span class=\"post-info-text\">Par<\/span> <span class=\"author-name vcard fn author\"><a href=\"https:\/\/www.tunisienumerique.com\/author\/htb\/\" title=\"Articles par Mohamed Ben Abderrazek\" rel=\"author\">Mohamed Ben Abderrazek<\/a><\/span><\/span> <span class=\"post-date updated\"><time class=\"post-date updated\" datetime=\"2021-06-08\">\u00a0| Il y a 31 minutes<\/time><\/span><br \/>\n<meta itemprop=\"dateModified\" content=\"2021-06-08\"\/><\/div>\n<\/div>\n<\/div>\n<div class=\"code-block code-block-1 c4\">\n <ins class=\"adsbygoogle c3\" data-ad-layout=\"in-article\" data-ad-format=\"fluid\" data-ad-client=\"ca-pub-2102118777505746\" data-ad-slot=\"7301775417\"\/>\n<\/div>\n<p>Le directeur de l\u2019Hygi\u00e8ne du Milieu et de la Protection de l\u2019Environnement, Samir Ouerghemi, a annonc\u00e9 aujourd\u2019hui mardi 8 juin 2021 que les minist\u00e8res de la Sant\u00e9, de l\u2019Agriculture, de l\u2019Int\u00e9rieur et de l\u2019Environnement se sont accord\u00e9s pour commencer une campagne d\u2019abattage des chiens errants.<\/p>\n<p>Samir Ouerghemi a indiqu\u00e9 que la campagne vise \u00e0 lutter contre la propagation de la rage suite au fait que le minist\u00e8re de la Sant\u00e9 avait identifi\u00e9 quatre cas de rage depuis le d\u00e9but de l\u2019ann\u00e9e et que plusieurs cas de contamination ont \u00e9t\u00e9 identifi\u00e9s.<\/p>\n<p>A noter que la d\u00e9cision a \u00e9t\u00e9 prise lors de la r\u00e9union du Comit\u00e9 National de la Protection de l\u2019Environnement.<\/p>\n<p>De ce fait, les quartiers de plusieurs villes seront de nouveau transform\u00e9s apr\u00e8s une br\u00e8ve accalmie, et malgr\u00e9 la protestation des associations de d\u00e9fense des animaux, en th\u00e9\u00e2tre de massacre et de torture des chiens errants au vu et su de tout le monde : enfants, touristes, \u00e9trangers, associations, etc.<\/p>\n<p>Le plus atroce, beaucoup plus que les spectacles d\u00e9solants des cadavres de chiens qui jonchent le sol les lendemains des tueries, c\u2019est l\u2019esprit avec lequel des d\u00e9cideurs g\u00e8rent cette affaire.<\/p>\n<p>Des d\u00e9cideurs qui ordonnent ces campagnes d\u2019extermination depuis des ann\u00e9es et qui ne se sont pas toujours rendus compte que cette m\u00e9thode barbare et malgr\u00e9 le fait qu\u2019elle soit suppos\u00e9e radicale, demeure sans aucune efficacit\u00e9, car sans une vraie campagne de st\u00e9rilisation, rien ne freinera l\u2019augmentation du nombre des canid\u00e9s.<\/p>\n<p>Ces \u00ab responsables \u00bb ne savent pas semble-il que la lutte contre les chiens errants commence par faire leur travail comme il se doit, \u00e0 savoir l\u2019enl\u00e8vement des ordures m\u00e9nag\u00e8res de fa\u00e7on r\u00e9guli\u00e8re et rigoureuse. Car tant qu\u2019il y a de la nourriture dans les rues et autour des bennes \u00e0 ordures, il y aura toujours des chiens.<\/p>\n<p>Qu\u2019ils ignorent ces d\u00e9tails, c\u2019est probablement tol\u00e9rable vu l\u2019incomp\u00e9tence ordinaire et g\u00e9n\u00e9ralis\u00e9e, mais qu\u2019ils massacrent ces pauvres b\u00eates, c\u2019est inacceptable !<\/p>\n<p>Notons que plusieurs pays ont d\u00e9cid\u00e9 de st\u00e9riliser, vacciner les chiens, puis de les rel\u00e2cher. De cette fa\u00e7on, au bout d\u2019un certain moment, quand la proportion de chiens st\u00e9rilis\u00e9s devient pr\u00e9pond\u00e9rante, le nombre des chiens errants va r\u00e9gresser et ils finiront m\u00eame par dispara\u00eetre.<\/p>\n<div class=\"swp_social_panel swp_horizontal_panel swp_flat_fresh swp_default_full_color swp_individual_full_color swp_other_full_color scale-100 scale-\" data-min-width=\"1100\" data-float-color=\"#ffffff\" data-float=\"bottom\" data-float-mobile=\"bottom\" data-transition=\"slide\">\n<div class=\"nc_tweetContainer swp_share_button total_shares total_sharesalt\"><span class=\"swp_count\">0 <span class=\"swp_label\">Partages<\/span><\/span><\/div>\n<\/div>\n<p><strong>Que se passe-t-il en Tunisie?<\/strong><br \/>Nous expliquons sur notre <a href=\"https:\/\/www.youtube.com\/channel\/UCRzypVq0B_yBad5eGrwBx0Q?sub_confirmation=1\" target=\"_blank\" rel=\"noopener\">cha\u00eene YouTube<\/a> . <a href=\"https:\/\/www.youtube.com\/channel\/UCRzypVq0B_yBad5eGrwBx0Q?sub_confirmation=1\" target=\"_blank\" rel=\"noopener\">Abonnez-vous!<\/a><\/p>\n<div class=\"mvp-org-wrap\" itemprop=\"publisher\">\n<div class=\"mvp-org-logo\" itemprop=\"logo\"><img decoding=\"async\" src=\"https:\/\/www.tunisienumerique.com\/wp-content\/uploads\/2017\/02\/logo_tunisie_numerique.png\"\/><br \/>\n<meta itemprop=\"url\" content=\"https:\/\/www.tunisienumerique.com\/wp-content\/uploads\/2017\/02\/logo_tunisie_numerique.png\"\/><\/div>\n<p><meta content=\"Tunisie\"\/><\/div>\n<div class=\"post-tags\"><span class=\"post-tags-header\">Sujets Connexes:<\/span><\/div>\n<div id=\"article-ad\">\n <ins class=\"adsbygoogle c5\" data-ad-client=\"ca-pub-2102118777505746\" data-ad-slot=\"6513972734\" data-ad-format=\"auto\" data-full-width-responsive=\"true\"\/>\n<\/div>\n<\/div>\n<div id=\"post-sidebar-wrap\">\n <ins class=\"adsbygoogle c5\" data-ad-client=\"ca-pub-2102118777505746\" data-ad-slot=\"6168283410\" data-ad-format=\"auto\" data-full-width-responsive=\"true\"\/>\n<\/div>\n<p>Auteur: Mohamed Ben Abderrazek<br \/>\n<a href=\"https:\/\/www.tunisienumerique.com\/planification-dun-nouveau-massacre-contre-les-chiens-errants-au-debut-de-la-saison-touristique\/\">Cliquez ici pour lire l&rsquo;article depuis sa source.<\/a><\/p>\n","protected":false},"excerpt":{"rendered":"<p>Par Mohamed Ben Abderrazek \u00a0| Il y a 31 minutes Le directeur de l\u2019Hygi\u00e8ne du Milieu et de la Protection de l\u2019Environnement, Samir Ouerghemi, a annonc\u00e9 aujourd\u2019hui mardi 8 juin 2021 que les minist\u00e8res de la Sant\u00e9, de l\u2019Agriculture, de l\u2019Int\u00e9rieur et de l\u2019Environnement se sont accord\u00e9s pour commencer une campagne d\u2019abattage des chiens errants. [&hellip;]<\/p>\n","protected":false},"author":1789,"featured_media":0,"comment_status":"closed","ping_status":"closed","sticky":false,"template":"","format":"standard","meta":{"fifu_image_url":"https:\/\/secure.gravatar.com\/avatar\/b658f27b24160a89d557421a966e5ca1?s=50&d=mm&r=g","fifu_image_alt":"Planification d\u2019un nouveau massacre contre les chiens errants au d\u00e9but de la saison touristique","footnotes":""},"categories":[73,55],"tags":[],"class_list":["post-118233","post","type-post","status-publish","format-standard","hentry","category-actualite","category-tunisie"],"_links":{"self":[{"href":"https:\/\/linitiative.ca\/International\/wp-json\/wp\/v2\/posts\/118233","targetHints":{"allow":["GET"]}}],"collection":[{"href":"https:\/\/linitiative.ca\/International\/wp-json\/wp\/v2\/posts"}],"about":[{"href":"https:\/\/linitiative.ca\/International\/wp-json\/wp\/v2\/types\/post"}],"author":[{"embeddable":true,"href":"https:\/\/linitiative.ca\/International\/wp-json\/wp\/v2\/users\/1789"}],"replies":[{"embeddable":true,"href":"https:\/\/linitiative.ca\/International\/wp-json\/wp\/v2\/comments?post=118233"}],"version-history":[{"count":0,"href":"https:\/\/linitiative.ca\/International\/wp-json\/wp\/v2\/posts\/118233\/revisions"}],"wp:attachment":[{"href":"https:\/\/linitiative.ca\/International\/wp-json\/wp\/v2\/media?parent=118233"}],"wp:term":[{"taxonomy":"category","embeddable":true,"href":"https:\/\/linitiative.ca\/International\/wp-json\/wp\/v2\/categories?post=118233"},{"taxonomy":"post_tag","embeddable":true,"href":"https:\/\/linitiative.ca\/International\/wp-json\/wp\/v2\/tags?post=118233"}],"curies":[{"name":"wp","href":"https:\/\/api.w.org\/{rel}","templated":true}]}}