{"id":118238,"date":"2021-06-07T18:17:26","date_gmt":"2021-06-07T22:17:26","guid":{"rendered":"https:\/\/linitiative.ca\/International\/46e-anniversaire-de-la-cedeao-du-noble-art-pour-celebrer-levenement\/"},"modified":"2021-06-07T18:17:26","modified_gmt":"2021-06-07T22:17:26","slug":"46e-anniversaire-de-la-cedeao-du-noble-art-pour-celebrer-levenement","status":"publish","type":"post","link":"https:\/\/linitiative.ca\/International\/46e-anniversaire-de-la-cedeao-du-noble-art-pour-celebrer-levenement\/","title":{"rendered":"46e anniversaire de la CEDEAO : Du noble art pour c\u00e9l\u00e9brer l\u2019\u00e9v\u00e8nement"},"content":{"rendered":"<div class=\"td-post-featured-image\">\n<figure><a href=\"https:\/\/www.sidwaya.info\/wp-content\/uploads\/2021\/06\/boxe.jpg\" data-caption=\"L\u2019attraction de la soir\u00e9e a \u00e9t\u00e9 le combat victorieux de Yacouba Wandaogo (bras lev\u00e9s) face \u00e0 Olivier N\u00e9bi\u00e9.\"><img loading=\"lazy\" decoding=\"async\" width=\"696\" height=\"494\" class=\"entry-thumb td-modal-image\" src=\"https:\/\/www.sidwaya.info\/wp-content\/uploads\/2021\/06\/boxe-696x494.jpg\" srcset=\"https:\/\/www.sidwaya.info\/wp-content\/uploads\/2021\/06\/boxe-696x494.jpg 696w, https:\/\/www.sidwaya.info\/wp-content\/uploads\/2021\/06\/boxe-300x213.jpg 300w, https:\/\/www.sidwaya.info\/wp-content\/uploads\/2021\/06\/boxe-150x106.jpg 150w, https:\/\/www.sidwaya.info\/wp-content\/uploads\/2021\/06\/boxe-592x420.jpg 592w, https:\/\/www.sidwaya.info\/wp-content\/uploads\/2021\/06\/boxe-100x70.jpg 100w, https:\/\/www.sidwaya.info\/wp-content\/uploads\/2021\/06\/boxe.jpg 699w\" sizes=\"auto, (max-width: 696px) 100vw, 696px\" alt=\"\" title=\"boxe\"\/><\/a><figcaption class=\"wp-caption-text\">L\u2019attraction de la soir\u00e9e a \u00e9t\u00e9 le combat victorieux de Yacouba Wandaogo (bras lev\u00e9s) face \u00e0 Olivier N\u00e9bi\u00e9.<\/figcaption><\/figure>\n<\/div>\n<p><strong>La F\u00e9d\u00e9ration burkinab\u00e8 de boxe en partenariat avec le Centre de d\u00e9veloppement de la jeunesse et des sports de la CEDEAO a organis\u00e9, le samedi 29 mai 2021 au stade du 4-Ao\u00fbt de Ouagadougou, un gala de boxe amateur. Cela, pour c\u00e9l\u00e9brer le 46e anniversaire de la Communaut\u00e9 \u00e9conomique des Etats de l\u2019Afrique de l\u2019Ouest (CEDEAO).<\/strong><\/p>\n<p>Le suspens, l\u2019ambiance, les \u00e9motions, des esquives, des uppercuts, des crochets etc., ont contribu\u00e9 \u00e0 agr\u00e9menter la soir\u00e9e du<br \/>public qui a fait le d\u00e9placement de la maison des arts martiaux, le samedi 29 mai 2021, \u00e0 l\u2019occasion du gala de boxe amateur. Organis\u00e9e par la F\u00e9d\u00e9ration burkinab\u00e8 de boxe en partenariat avec le Centre de d\u00e9veloppement de la jeunesse et des sports de la CEDEAO, l\u2019activit\u00e9 entre dans le cadre de la c\u00e9l\u00e9bration du 46e anniversaire de la Communaut\u00e9 \u00e9conomique des Etats de l\u2019Afrique de l\u2019Ouest (CEDEAO). Dix combats dans huit cat\u00e9gories de poids ont constitu\u00e9 le menu de ce gala. Le combat phare de la finale a \u00e9t\u00e9 celui de la cat\u00e9gorie mi-lourd. Il a mis aux prises le pugiliste de l\u2019USFA, Olivier N\u00e9bi\u00e9 et Yacouba Wandaogo de l\u2019Entente boxing club de Kalgondin (EBCK).<\/p>\n<p>Un duel de titans qui a mis en lumi\u00e8re Yacouba. Il a profit\u00e9 du manque de lucidit\u00e9 de son challenger pour marquer plus de points pour remporter le combat. Chez les lourds, Isma\u00ebl Mano de l\u2019Association boxing club (ABC) a contraint son adversaire Rodrigue Zongo \u00e0<br \/>l\u2019abandon. La cat\u00e9gorie coq a \u00e9t\u00e9 l\u2019apanage du bidasse Fulbert Yam\u00e9ogo. Il est sorti victorieux de son face-\u00e0-face avec Rachid Sawadogo de Boxing club (BC), par arr\u00eat de l\u2019arbitre apr\u00e8s la 2e reprise. En l\u00e9ger, le combat entre Samuel Tiendrebeogo de l\u2019ABC et Ousseni Tahita de l\u2019EBCK, a failli tourner au vinaigre \u00e0 cause d\u2019un incident vite maitris\u00e9 par la police. L\u2019arbitre ayant constat\u00e9 que Samuel n\u2019\u00e9tait plus en mesure de poursuivre la partie, apr\u00e8s avoir subi les assauts de son adversaire, d\u00e9cide d\u2019arr\u00eater tout simplement le combat. Une d\u00e9cision mal appr\u00e9ci\u00e9e par l\u2019entraineur de celui-ci qui va foncer tout droit sur l\u2019arbitre pour lui demander des explications.<\/p>\n<p>Il a fallu l\u2019intervention \u00e9nergique de la police pour ramener le forcen\u00e9 \u00e0 la raison. C\u2019est un pr\u00e9sident de la F\u00e9d\u00e9ration burkinab\u00e8 de boxe (FBB), J\u00e9r\u00e9mie Bouda combl\u00e9 qui n\u2019a pas cach\u00e9 sa joie de voir la comp\u00e9tition tenir jusqu\u2019au bout. \u00ab Je suis satisfait car les combats se sont tr\u00e8s bien d\u00e9roul\u00e9s. C\u2019est notre premi\u00e8re sortie et nous voulons traduire nos remerciements \u00e0 la CEDEAO qui nous a permis d\u2019organiser cette comp\u00e9tition. Nous n\u2019allons pas nous arr\u00eater en si bon chemin car l\u2019objectif de la f\u00e9d\u00e9ration est d\u2019\u00e9tendre cette activit\u00e9 dans toutes les communes de Ouagadougou \u00bb, a-t-il laiss\u00e9 entendre. M\u00eame motif de satisfaction pour le directeur du Centre de d\u00e9veloppement de la jeunesse et des sports de la CEDEAO (CDJS\/CEDEAO), Francis Chuks Njoaguani.<br \/>\u00ab Nous avons assist\u00e9 \u00e0 de tr\u00e8s beaux combats. Je f\u00e9licite tous les boxeurs et nous les encourageons \u00e0 continuer dans ce sens. Je n\u2019oublie pas non plus la FBC qui fait un excellent travail. La qualit\u00e9 des combats pr\u00e9sage de belles perspectives pour l\u2019avenir de la boxe burkinab\u00e8 \u00bb, a-t-il d\u00e9clar\u00e9. Dans le classement par \u00e9quipe, c\u2019est l\u2019USFA avec quatre victoires sur dix qui a \u00e9t\u00e9 d\u00e9clar\u00e9e vainqueur.<\/p>\n<p class=\"c1\"><strong>Yves OUEDRAOGO<\/strong><\/p>\n<div class=\"td-a-rec td-a-rec-id-content_bottom tdi_33_b8e td_block_template_1\">\n<p><img loading=\"lazy\" decoding=\"async\" class=\"aligncenter size-full wp-image-27454\" src=\"https:\/\/www.sidwaya.info\/wp-content\/uploads\/2020\/10\/PUB-Bandeau-paiement-mobile-siteweb.jpg\" alt=\"\" width=\"728\" height=\"90\"\/><\/div>\n<p>Auteur: JK. Sidwaya<br \/>\n<a href=\"https:\/\/www.sidwaya.info\/blog\/2021\/06\/07\/46e-anniversaire-de-la-cedeao-du-noble-art-pour-celebrer-levenement\/\">Cliquez ici pour lire l&rsquo;article depuis sa source.<\/a><\/p>\n","protected":false},"excerpt":{"rendered":"<p>L\u2019attraction de la soir\u00e9e a \u00e9t\u00e9 le combat victorieux de Yacouba Wandaogo (bras lev\u00e9s) face \u00e0 Olivier N\u00e9bi\u00e9. La F\u00e9d\u00e9ration burkinab\u00e8 de boxe en partenariat avec le Centre de d\u00e9veloppement de la jeunesse et des sports de la CEDEAO a organis\u00e9, le samedi 29 mai 2021 au stade du 4-Ao\u00fbt de Ouagadougou, un gala de [&hellip;]<\/p>\n","protected":false},"author":1816,"featured_media":0,"comment_status":"closed","ping_status":"closed","sticky":false,"template":"","format":"standard","meta":{"fifu_image_url":"https:\/\/www.sidwaya.info\/wp-content\/uploads\/2021\/06\/boxe-696x494.jpg","fifu_image_alt":"46e anniversaire de la CEDEAO : Du noble art pour c\u00e9l\u00e9brer l\u2019\u00e9v\u00e8nement","footnotes":""},"categories":[73,81],"tags":[],"class_list":["post-118238","post","type-post","status-publish","format-standard","hentry","category-actualite","category-burkina-faso"],"_links":{"self":[{"href":"https:\/\/linitiative.ca\/International\/wp-json\/wp\/v2\/posts\/118238","targetHints":{"allow":["GET"]}}],"collection":[{"href":"https:\/\/linitiative.ca\/International\/wp-json\/wp\/v2\/posts"}],"about":[{"href":"https:\/\/linitiative.ca\/International\/wp-json\/wp\/v2\/types\/post"}],"author":[{"embeddable":true,"href":"https:\/\/linitiative.ca\/International\/wp-json\/wp\/v2\/users\/1816"}],"replies":[{"embeddable":true,"href":"https:\/\/linitiative.ca\/International\/wp-json\/wp\/v2\/comments?post=118238"}],"version-history":[{"count":0,"href":"https:\/\/linitiative.ca\/International\/wp-json\/wp\/v2\/posts\/118238\/revisions"}],"wp:attachment":[{"href":"https:\/\/linitiative.ca\/International\/wp-json\/wp\/v2\/media?parent=118238"}],"wp:term":[{"taxonomy":"category","embeddable":true,"href":"https:\/\/linitiative.ca\/International\/wp-json\/wp\/v2\/categories?post=118238"},{"taxonomy":"post_tag","embeddable":true,"href":"https:\/\/linitiative.ca\/International\/wp-json\/wp\/v2\/tags?post=118238"}],"curies":[{"name":"wp","href":"https:\/\/api.w.org\/{rel}","templated":true}]}}