{"id":118240,"date":"2021-06-08T05:42:03","date_gmt":"2021-06-08T09:42:03","guid":{"rendered":"https:\/\/linitiative.ca\/International\/cote-divoire-au-moins-un-soldat-tue-lors-dune-attaque-dans-le-nord-officiel\/"},"modified":"2021-06-08T05:42:03","modified_gmt":"2021-06-08T09:42:03","slug":"cote-divoire-au-moins-un-soldat-tue-lors-dune-attaque-dans-le-nord-officiel","status":"publish","type":"post","link":"https:\/\/linitiative.ca\/International\/cote-divoire-au-moins-un-soldat-tue-lors-dune-attaque-dans-le-nord-officiel\/","title":{"rendered":"C\u00f4te d\u2019Ivoire: au moins un soldat tu\u00e9 lors d\u2019une attaque dans le nord (officiel)"},"content":{"rendered":"<div class=\"td-post-featured-image\"><a href=\"https:\/\/www.sidwaya.info\/wp-content\/uploads\/2021\/06\/telechargement-1.jpg\" data-caption=\"\"><img loading=\"lazy\" decoding=\"async\" width=\"463\" height=\"300\" class=\"entry-thumb td-modal-image\" src=\"https:\/\/www.sidwaya.info\/wp-content\/uploads\/2021\/06\/telechargement-1.jpg\" srcset=\"https:\/\/www.sidwaya.info\/wp-content\/uploads\/2021\/06\/telechargement-1.jpg 463w, https:\/\/www.sidwaya.info\/wp-content\/uploads\/2021\/06\/telechargement-1-300x194.jpg 300w, https:\/\/www.sidwaya.info\/wp-content\/uploads\/2021\/06\/telechargement-1-150x97.jpg 150w\" sizes=\"auto, (max-width: 463px) 100vw, 463px\" alt=\"\" title=\"t\u00e9l\u00e9chargement\"\/><\/a><\/div>\n<p>Au moins un soldat ivoirien a \u00e9t\u00e9 tu\u00e9 lundi soir dans l\u2019attaque de la localitit\u00e9 de Tougbo, dans le nord-est de la C\u00f4te d\u2019Ivoire \u00e0 la fronti\u00e8re avec le Burkina Faso, a annonc\u00e9 mardi l\u2019\u00e9tat-major des arm\u00e9es.<\/p>\n<p>Vers 21H00 (locales et GMT) \u00ab\u00a0la localit\u00e9 de Tougbo, situ\u00e9e dans le d\u00e9partement de Bouna et frontali\u00e8re du Burkina Faso, a \u00e9t\u00e9 attaqu\u00e9e par des individus arm\u00e9s\u00a0\u00bb, indique un communiqu\u00e9 de l\u2019\u00e9tat-major qui pr\u00e9cise que \u00ab\u00a0le bilan provisoire fait \u00e9tat d\u2019un soldat ivoirien d\u00e9c\u00e9d\u00e9 des suites de ses blessures\u00a0\u00bb<\/p>\n<p>AFP<\/p>\n<div class=\"td-a-rec td-a-rec-id-content_bottom tdi_33_ce4 td_block_template_1\">\n<p><img loading=\"lazy\" decoding=\"async\" class=\"aligncenter size-full wp-image-27454\" src=\"https:\/\/www.sidwaya.info\/wp-content\/uploads\/2020\/10\/PUB-Bandeau-paiement-mobile-siteweb.jpg\" alt=\"\" width=\"728\" height=\"90\"\/><\/div>\n<p>Auteur: BS. Sidwaya<br \/>\n<a href=\"https:\/\/www.sidwaya.info\/blog\/2021\/06\/08\/cote-divoire-au-moins-un-soldat-tue-lors-dune-attaque-dans-le-nord-officiel\/\">Cliquez ici pour lire l&rsquo;article depuis sa source.<\/a><\/p>\n","protected":false},"excerpt":{"rendered":"<p>Au moins un soldat ivoirien a \u00e9t\u00e9 tu\u00e9 lundi soir dans l\u2019attaque de la localitit\u00e9 de Tougbo, dans le nord-est de la C\u00f4te d\u2019Ivoire \u00e0 la fronti\u00e8re avec le Burkina Faso, a annonc\u00e9 mardi l\u2019\u00e9tat-major des arm\u00e9es. Vers 21H00 (locales et GMT) \u00ab\u00a0la localit\u00e9 de Tougbo, situ\u00e9e dans le d\u00e9partement de Bouna et frontali\u00e8re du [&hellip;]<\/p>\n","protected":false},"author":1816,"featured_media":0,"comment_status":"closed","ping_status":"closed","sticky":false,"template":"","format":"standard","meta":{"fifu_image_url":"https:\/\/www.sidwaya.info\/wp-content\/uploads\/2021\/06\/telechargement-1.jpg","fifu_image_alt":"C\u00f4te d\u2019Ivoire: au moins un soldat tu\u00e9 lors d\u2019une attaque dans le nord (officiel)","footnotes":""},"categories":[73,81],"tags":[],"class_list":["post-118240","post","type-post","status-publish","format-standard","hentry","category-actualite","category-burkina-faso"],"_links":{"self":[{"href":"https:\/\/linitiative.ca\/International\/wp-json\/wp\/v2\/posts\/118240","targetHints":{"allow":["GET"]}}],"collection":[{"href":"https:\/\/linitiative.ca\/International\/wp-json\/wp\/v2\/posts"}],"about":[{"href":"https:\/\/linitiative.ca\/International\/wp-json\/wp\/v2\/types\/post"}],"author":[{"embeddable":true,"href":"https:\/\/linitiative.ca\/International\/wp-json\/wp\/v2\/users\/1816"}],"replies":[{"embeddable":true,"href":"https:\/\/linitiative.ca\/International\/wp-json\/wp\/v2\/comments?post=118240"}],"version-history":[{"count":0,"href":"https:\/\/linitiative.ca\/International\/wp-json\/wp\/v2\/posts\/118240\/revisions"}],"wp:attachment":[{"href":"https:\/\/linitiative.ca\/International\/wp-json\/wp\/v2\/media?parent=118240"}],"wp:term":[{"taxonomy":"category","embeddable":true,"href":"https:\/\/linitiative.ca\/International\/wp-json\/wp\/v2\/categories?post=118240"},{"taxonomy":"post_tag","embeddable":true,"href":"https:\/\/linitiative.ca\/International\/wp-json\/wp\/v2\/tags?post=118240"}],"curies":[{"name":"wp","href":"https:\/\/api.w.org\/{rel}","templated":true}]}}