{"id":118244,"date":"2021-06-08T12:18:35","date_gmt":"2021-06-08T16:18:35","guid":{"rendered":"https:\/\/linitiative.ca\/International\/cameroun-covidgate-cavaye-yeguie-djibril-evitons-tout-lynchage-a-travers-les-medias-et-autres-reseaux-sociaux-au-risque-dexposer-certains-citoyens\/"},"modified":"2021-06-08T12:18:35","modified_gmt":"2021-06-08T16:18:35","slug":"cameroun-covidgate-cavaye-yeguie-djibril-evitons-tout-lynchage-a-travers-les-medias-et-autres-reseaux-sociaux-au-risque-dexposer-certains-citoyens","status":"publish","type":"post","link":"https:\/\/linitiative.ca\/International\/cameroun-covidgate-cavaye-yeguie-djibril-evitons-tout-lynchage-a-travers-les-medias-et-autres-reseaux-sociaux-au-risque-dexposer-certains-citoyens\/","title":{"rendered":"Cameroun- Covidgate \u2013 Cavaye Yeguie Djibril : \u00ab Evitons tout lynchage \u00e0 travers les m\u00e9dias et autres r\u00e9seaux  sociaux au risque d\u2019exposer certains citoyens \u00bb"},"content":{"rendered":"<div readability=\"32\">\n<p>Publi\u00e9 le 08.06.2021 \u00e0 17h18 par Emile Zola Nd\u00e9 Tchoussi<\/p>\n<\/div>\n<div readability=\"61\">\n<h5 class=\"c9\"><strong>Le pr\u00e9sident de l\u2019Assembl\u00e9e nationale du Cameroun\u00a0s\u2019exprimant\u00a0<\/strong><strong>ainsi<\/strong><strong>\u00a0ce mardi 8 juin 2021.\u00a0<\/strong><strong>\u00a0Des d\u00e9clarations alors que les auditions des membres du gouvernement sont en cours au tribunal criminel sp\u00e9cial au sujet des malversations financi\u00e8res relev\u00e9es dans un rapport de la chambre des comptes de la cour supr\u00eame sur la gestion du coronavirus.<\/strong><\/h5>\n<p class=\"c11\">Le \u00ab <strong>Covigate\u00a0<\/strong>\u00bb\u00a0\u00a0 s\u2019est invit\u00e9 \u00e0 l\u2019Assembl\u00e9e nationale du Cameroun. La session ordinaire du mois de juin s\u2019est ouverte ce matin au Palais des congr\u00e8s. Le PAN en a profit\u00e9 pour se prononcer sur l\u2019agitation m\u00e9diatique qui entoure les auditions au TCS.\u00a0<strong>Cavaye Y\u00e9gui\u00e9 Djibril<\/strong> a profit\u00e9 de la pl\u00e9ni\u00e8re d\u2019ouverture pour appeler \u00e0 la s\u00e9r\u00e9nit\u00e9 dans le cadre du suivi des auditions r\u00e9alis\u00e9es par les officiers de police judiciaire pr\u00e8s le Tribunal criminel sp\u00e9cial.<\/p>\n<p class=\"c11\"><em>\u00ab\u00a0Sur tr\u00e8s hautes instructions du chef de l\u2019Etat, une enqu\u00eate est en cours afin de conna\u00eetre la gestion des fonds allou\u00e9s \u00e0 la lutte contre le Covid-19 dans le pays. Je voudrais prier les compatriotes de bien vouloir attendre les conclusions des investigations. N\u2019allons pas vite en besogne\u00a0\u00bb,\u00a0<\/em>pr\u00e9vient le Pan<em>.\u00a0<\/em>Un appel qui vise notamment les interventions m\u00e9diatiques et les r\u00e9seaux sociaux\u00a0:\u00a0<em>\u00ab\u00a0Evitons tout lynchage \u00e0 travers les m\u00e9dias et autres r\u00e9seaux sociaux, au risque d\u2019exposer certains citoyens \u00e0 la vindicte populaire Restons sereins.\u00a0\u00bb<\/em><\/p>\n<p class=\"c11\">En outre, le pr\u00e9sident de la chambre Basse du parlement s\u2019est \u00e9galement prononc\u00e9 sur la circulation des armes. Cavaye Y\u00e9gui\u00e9 Djibril note ainsi la pr\u00e9sence de 7000 armes en circulation ill\u00e9gale au Cameroun, une pr\u00e9occupation selon\u00a0lui, pour l\u2019Assembl\u00e9e nationale\u00a0:\u00a0<em>\u00ab\u00a0La r<\/em><em>epr\u00e9sentation nationale voudrait attirer l\u2019attention du gouvernement\u00a0 sur un ph\u00e9nom\u00e8ne de plus en plus\u00a0 inqui\u00e9tant \u00e0 savoir\u00a0: la circulation des armes de toutes natures et de diverses origines. Des informations \u00e0 notre disposition font \u00e9tat de sept mille armes ill\u00e9galement en circulation. Au moment o\u00f9 il est constat\u00e9, comme une mont\u00e9e en puissance de l\u2019ins\u00e9curit\u00e9, caract\u00e9ris\u00e9e par des sc\u00e8nes de violences ici et l\u00e0 ainsi que par des actes de grand banditisme. Il est urgent de circonscrire ce ph\u00e9nom\u00e8ne. Il constitue une menace pour l\u2019int\u00e9grit\u00e9 physique des citoyens et m\u00eame pour la s\u00e9curit\u00e9 de l\u2019Etat\u00a0\u00bb.<\/em><\/p>\n<p class=\"c11\">L\u2019autre point d\u2019ancrage du discours du Pan est le message\u00a0\u00a0adress\u00e9\u00a0au Secr\u00e9taire d\u2019Etat am\u00e9ricain.\u00a0 Pour Cavaye Y\u00e9gui\u00e9 Djibril, les d\u00e9put\u00e9s doivent s\u2019\u00e9riger en d\u00e9fenseurs du Cameroun\u00a0:\u00a0<em>\u00ab\u00a0je vou<\/em><em>drais relever l\u2019engagement des d<\/em><em>\u00e9put\u00e9s \u00e0 l\u2019Assembl\u00e9e nationale face aux attaques ext\u00e9rieures dirig\u00e9es contre le Cameroun. La lettre ouverte adress\u00e9e au Secr\u00e9taire d\u2019Etat am\u00e9ricain par les \u00e9lus de la nation, toutes chapelles politiques confondues\u00a0 et lue solennellement \u00a0le 9 avril 2021 constitue un document historique, un v\u00e9ritable camouflet pour les d\u00e9tracteurs et pourfendeurs de la R\u00e9publique. Ces professionnels de la d\u00e9sinformation trouveront d\u00e9sormais les honorables d\u00e9put\u00e9s sur leur chemin\u00a0\u00bb.\u00a0<\/em><\/p>\n<\/div>\n<p>Auteur: Christian DJIMADEU<br \/>\n<a href=\"https:\/\/www.journalducameroun.com\/cameroun-covidgate-cavaye-yeguie-djibril-evitons-tout-lynchage-a-travers-les-medias-et-autres-reseaux-sociaux-au-risque-dexposer-certains-citoyens-cameroun\/\">Cliquez ici pour lire l&rsquo;article depuis sa source.<\/a><\/p>\n","protected":false},"excerpt":{"rendered":"<p>Publi\u00e9 le 08.06.2021 \u00e0 17h18 par Emile Zola Nd\u00e9 Tchoussi Le pr\u00e9sident de l\u2019Assembl\u00e9e nationale du Cameroun\u00a0s\u2019exprimant\u00a0ainsi\u00a0ce mardi 8 juin 2021.\u00a0\u00a0Des d\u00e9clarations alors que les auditions des membres du gouvernement sont en cours au tribunal criminel sp\u00e9cial au sujet des malversations financi\u00e8res relev\u00e9es dans un rapport de la chambre des comptes de la cour supr\u00eame [&hellip;]<\/p>\n","protected":false},"author":1965,"featured_media":0,"comment_status":"closed","ping_status":"closed","sticky":false,"template":"","format":"standard","meta":{"fifu_image_url":"","fifu_image_alt":"","footnotes":""},"categories":[73,82],"tags":[],"class_list":["post-118244","post","type-post","status-publish","format-standard","hentry","category-actualite","category-cameroun"],"_links":{"self":[{"href":"https:\/\/linitiative.ca\/International\/wp-json\/wp\/v2\/posts\/118244","targetHints":{"allow":["GET"]}}],"collection":[{"href":"https:\/\/linitiative.ca\/International\/wp-json\/wp\/v2\/posts"}],"about":[{"href":"https:\/\/linitiative.ca\/International\/wp-json\/wp\/v2\/types\/post"}],"author":[{"embeddable":true,"href":"https:\/\/linitiative.ca\/International\/wp-json\/wp\/v2\/users\/1965"}],"replies":[{"embeddable":true,"href":"https:\/\/linitiative.ca\/International\/wp-json\/wp\/v2\/comments?post=118244"}],"version-history":[{"count":0,"href":"https:\/\/linitiative.ca\/International\/wp-json\/wp\/v2\/posts\/118244\/revisions"}],"wp:attachment":[{"href":"https:\/\/linitiative.ca\/International\/wp-json\/wp\/v2\/media?parent=118244"}],"wp:term":[{"taxonomy":"category","embeddable":true,"href":"https:\/\/linitiative.ca\/International\/wp-json\/wp\/v2\/categories?post=118244"},{"taxonomy":"post_tag","embeddable":true,"href":"https:\/\/linitiative.ca\/International\/wp-json\/wp\/v2\/tags?post=118244"}],"curies":[{"name":"wp","href":"https:\/\/api.w.org\/{rel}","templated":true}]}}