{"id":118245,"date":"2021-06-08T13:13:40","date_gmt":"2021-06-08T17:13:40","guid":{"rendered":"https:\/\/linitiative.ca\/International\/cameroun-le-port-autonome-de-limbe-promesse-toujours-non-tenue-de-paul-biya\/"},"modified":"2021-06-08T13:13:40","modified_gmt":"2021-06-08T17:13:40","slug":"cameroun-le-port-autonome-de-limbe-promesse-toujours-non-tenue-de-paul-biya","status":"publish","type":"post","link":"https:\/\/linitiative.ca\/International\/cameroun-le-port-autonome-de-limbe-promesse-toujours-non-tenue-de-paul-biya\/","title":{"rendered":"Cameroun : le Port Autonome de Limbe, promesse (toujours) non tenue de Paul Biya"},"content":{"rendered":"<div readability=\"32\">\n<p>Publi\u00e9 le 08.06.2021 \u00e0 18h13 par Journal du Cameroun<\/p>\n<\/div>\n<div readability=\"88\">\n<h5 class=\"c9\">Un an apr\u00e8s le d\u00e9cret portant r\u00e9organisation du Port autonome de Limbe qui avait suscit\u00e9 de l\u2019espoir au sein de la communaut\u00e9 anglophone, rien a \u00e9volu\u00e9 vers la r\u00e9alisation de ce projet.<\/h5>\n<p class=\"c10\">Sign\u00e9 le 5 mai 2020 par le pr\u00e9sident de la R\u00e9publique, <strong>Paul Biya<\/strong>, un document de 12 pages fixait les nouvelles missions et nouvelles fonctions du <strong>Port autonome de Limbe<\/strong> (PAL) situ\u00e9 dans la r\u00e9gion du Sud-Ouest. L\u2019acte du chef de l\u2019Etat avait alors suscit\u00e9 de l\u2019espoir au sein de la communaut\u00e9 locale, mais n\u2019a plus \u00e9t\u00e9 suivi de faits. La liesse n\u00e9e autour de ce projet tend \u00e0 se muer en frustration treize mois plus tard.<\/p>\n<p class=\"c10\">Hormis l\u2019approbation des statuts du PAL, aucune autre mesure rassurante n\u2019a en effet \u00e9t\u00e9 prise \u00e0 Yaound\u00e9\u00a0 pour susciter l\u2019espoir, laissant croire d\u2019une autre promesse pr\u00e9sidentielle non tenue. \u00a0\u00ab <em>Nous attendons toujours du concret depuis la d\u00e9cision du chef de l\u2019Etat l\u2019ann\u00e9e derni\u00e8re. Nous pensons que le port de Limbe va aider \u00e0 acc\u00e9l\u00e9rer les activit\u00e9s \u00e9conomiques frein\u00e9es par la crise anglophone,<\/em> \u00bb esp\u00e8re <strong>Mola Esuka Lyombe<\/strong>, un riverain de Mile 4 \u00e0 Limbe.<\/p>\n<p class=\"c10\">Il ajoute\u00a0: \u00ab <em>pour montrer une certaine bonne foi de la part du gouvernement, on aurait pu s\u2019attendre \u00e0 pr\u00e9sent \u00e0 la nomination des responsables du PAL, avec un fils de la r\u00e9gion du Sud-Ouest comme directeur g\u00e9n\u00e9ral, comme recommand\u00e9 par les chefs de Fako<\/em>\u00a0\u00bb.<\/p>\n<p class=\"c10\"><strong>Promesse \u00e9lectorale<\/strong><\/p>\n<p class=\"c10\">Lors du lancement de la campagne \u00e9lectorale en vue des municipales et l\u00e9gislatives de f\u00e9vrier 2020, le premier ministre, Chef du gouvernement avait pr\u00e9sent\u00e9 le Port autonome de Limbe comme son cheval de bataille. \u00ab <em>Les travaux pour la construction du Port en eau profonde de Limb\u00e9 seront bient\u00f4t lanc\u00e9s,<\/em> \u00bb rassurait <strong>Joseph Dion Ngute,<\/strong> le 9 f\u00e9vrier 2020 \u00e0 Buea.<\/p>\n<p class=\"c10\">Trois mois plus tard, \u00a0les jeunes de Limb\u00e9 avaient organis\u00e9 une marche et remis au \u00a0pr\u00e9fet du Fako, <strong>Emmanuel Ledoux Engamba<\/strong>, \u00a0une motion de soutien adress\u00e9e au chef de l\u2019Etat. Se r\u00e9jouissant, Andrew Motanga Monjimba, le maire de la vile de Limb\u00e9\u00a0 a indiqu\u00e9 que la r\u00e9activation de ce projet r\u00e9pond \u00e0 l\u2019une des principales recommandations prises lors du grand dialogue national tenu en septembre-octobre 2019.<\/p>\n<p class=\"c10\">Pour rappel, le Port de Limbe, situ\u00e9 au quai de Bota, \u00e9tait op\u00e9rationnel \u00e0 l\u2019\u00e9poque du Cameroun occidental dans les ann\u00e9es 1960, 70 et 80. Mais avait \u00e9t\u00e9 abandonn\u00e9 dans les ann\u00e9es 90 et, \u00e0 ce jour, fonctionne toujours \u00e0 une capacit\u00e9 tr\u00e8s limit\u00e9e. En 2009, le gouvernement a conclu des \u00e9tudes de faisabilit\u00e9 pour le port et son nouveau site devait \u00eatre \u00e0 Ngeme. La construction de la premi\u00e8re phase devait commencer en 2011 et se terminer en 2015.<\/p>\n<p class=\"c10\">La lenteur consomm\u00e9e renforce la propagande s\u00e9paratiste selon laquelle les r\u00e9gions anglophones sont marginalis\u00e9es.<\/p>\n<\/div>\n<p>Auteur: Christian DJIMADEU<br \/>\n<a href=\"https:\/\/www.journalducameroun.com\/cameroun-le-port-autonome-de-limbe-promesse-toujours-non-tenue-de-paul-biya\/\">Cliquez ici pour lire l&rsquo;article depuis sa source.<\/a><\/p>\n","protected":false},"excerpt":{"rendered":"<p>Publi\u00e9 le 08.06.2021 \u00e0 18h13 par Journal du Cameroun Un an apr\u00e8s le d\u00e9cret portant r\u00e9organisation du Port autonome de Limbe qui avait suscit\u00e9 de l\u2019espoir au sein de la communaut\u00e9 anglophone, rien a \u00e9volu\u00e9 vers la r\u00e9alisation de ce projet. Sign\u00e9 le 5 mai 2020 par le pr\u00e9sident de la R\u00e9publique, Paul Biya, un [&hellip;]<\/p>\n","protected":false},"author":1965,"featured_media":0,"comment_status":"closed","ping_status":"closed","sticky":false,"template":"","format":"standard","meta":{"fifu_image_url":"","fifu_image_alt":"","footnotes":""},"categories":[73,82],"tags":[],"class_list":["post-118245","post","type-post","status-publish","format-standard","hentry","category-actualite","category-cameroun"],"_links":{"self":[{"href":"https:\/\/linitiative.ca\/International\/wp-json\/wp\/v2\/posts\/118245","targetHints":{"allow":["GET"]}}],"collection":[{"href":"https:\/\/linitiative.ca\/International\/wp-json\/wp\/v2\/posts"}],"about":[{"href":"https:\/\/linitiative.ca\/International\/wp-json\/wp\/v2\/types\/post"}],"author":[{"embeddable":true,"href":"https:\/\/linitiative.ca\/International\/wp-json\/wp\/v2\/users\/1965"}],"replies":[{"embeddable":true,"href":"https:\/\/linitiative.ca\/International\/wp-json\/wp\/v2\/comments?post=118245"}],"version-history":[{"count":0,"href":"https:\/\/linitiative.ca\/International\/wp-json\/wp\/v2\/posts\/118245\/revisions"}],"wp:attachment":[{"href":"https:\/\/linitiative.ca\/International\/wp-json\/wp\/v2\/media?parent=118245"}],"wp:term":[{"taxonomy":"category","embeddable":true,"href":"https:\/\/linitiative.ca\/International\/wp-json\/wp\/v2\/categories?post=118245"},{"taxonomy":"post_tag","embeddable":true,"href":"https:\/\/linitiative.ca\/International\/wp-json\/wp\/v2\/tags?post=118245"}],"curies":[{"name":"wp","href":"https:\/\/api.w.org\/{rel}","templated":true}]}}