{"id":118247,"date":"2021-06-08T14:18:02","date_gmt":"2021-06-08T18:18:02","guid":{"rendered":"https:\/\/linitiative.ca\/International\/des-signaux-verts-pour-les-economies-subsahariennes-bm\/"},"modified":"2021-06-08T14:18:02","modified_gmt":"2021-06-08T18:18:02","slug":"des-signaux-verts-pour-les-economies-subsahariennes-bm","status":"publish","type":"post","link":"https:\/\/linitiative.ca\/International\/des-signaux-verts-pour-les-economies-subsahariennes-bm\/","title":{"rendered":"Des signaux verts pour les \u00e9conomies subsahariennes (BM)"},"content":{"rendered":"<div readability=\"32\">\n<p>Publi\u00e9 le 08.06.2021 \u00e0 19h18 par APA News<\/p>\n<\/div>\n<div readability=\"129\">\n<p>Les nouvelles perspectives \u00e9conomiques de la Banque Mondiale (BM) projettent une croissance de 2,8 % cette ann\u00e9e pour la r\u00e9gion Afrique subsaharienne.L\u2019optimisme est de rigueur pour les \u00e9conomies de l\u2019Afrique subsaharienne. En effet, selon les perspectives \u00e9conomiques mondiales publi\u00e9es ce mardi par la BM, elles devraient renouer avec la croissance apr\u00e8s leur premi\u00e8re r\u00e9cession depuis plus de 25 ans. Pour cette ann\u00e9e, la croissance devrait atteindre 2,8 %, et s\u2019acc\u00e9l\u00e9rer \u00e0 3,3 % en 2022 gr\u00e2ce \u00e0 la hausse de la demande ext\u00e9rieure, essentiellement en provenance de la Chine et des \u00c9tats-Unis, la hausse des prix des produits de base et l\u2019endiguement de la pand\u00e9mie.<\/p>\n<p>Au Nig\u00e9ria, premi\u00e8re puissance \u00e9conomique du continent, la croissance devrait rebondir \u00e0 1,8 % en 2021 et 2,1 % en 2022, sous r\u00e9serve d\u2019une hausse des prix du p\u00e9trole, de r\u00e9formes structurelles dans ce secteur et d\u2019une gestion des taux de change flexible et fond\u00e9e sur le march\u00e9, souligne le rapport.<\/p>\n<p>Ce dernier informe que l\u2019Afrique du Sud, 2\u00e8me \u00e9conomie du continent, devrait afficher une croissance de 3,5 % cette ann\u00e9e et de 2,1 % en 2022. Les pressions budg\u00e9taires et la faible augmentation des investissements publics assombrissent les perspectives \u00e0 court terme du pays, dont la croissance potentielle continue d\u2019\u00eatre entrav\u00e9e par des obstacles structurels, note le document.<\/p>\n<p>Dans la troisi\u00e8me \u00e9conomie de la r\u00e9gion, l\u2019Angola, la croissance devrait atteindre 0,5 % en 2021 et 3,3 % en 2022, soutenue par la hausse des prix p\u00e9troliers et des d\u00e9penses publiques.<\/p>\n<p>Ailleurs dans la r\u00e9gion, la croissance devrait grimper \u00e0 2,4 % en 2021-22 dans les pays exportateurs de produits industriels autres que les trois pays pr\u00e9cit\u00e9s. L\u2019activit\u00e9 \u00e9conomique sera plus dynamique dans les pays exportateurs de produits agricoles. La croissance devrait s\u2019y acc\u00e9l\u00e9rer pour atteindre 4,5 % par an en moyenne en 2021-22.<\/p>\n<p>Ce brin d\u2019espoir qui souffle dans la r\u00e9gion n\u2019aura cependant pas un impact r\u00e9el sur les niveaux de revenu par habitant. En 2022, ils devraient \u00eatre inf\u00e9rieurs de 4 % en moyenne \u00e0 ceux observ\u00e9s en 2019. Selon les auteurs du rapport, la situation sera particuli\u00e8rement difficile dans les pays fragiles ou touch\u00e9s par un conflit, avec des pr\u00e9visions de production pour 2022 en recul de 5,3 % en moyenne par rapport \u00e0 2019.<\/p>\n<p>Par ailleurs, rel\u00e8ve le rapport, les pays de la r\u00e9gion sont expos\u00e9s \u00e0 des risques de d\u00e9gradation qui seraient cons\u00e9cutifs \u00e0 une baisse des prix p\u00e9troliers, l\u2019ins\u00e9curit\u00e9 alimentaire, des risques d\u2019inondations et de s\u00e9cheresses qui pourraient d\u00e9truire les r\u00e9coltes, pousser les prix des aliments \u00e0 la hausse et peser lourdement sur la consommation des m\u00e9nages.<\/p>\n<p>En outre, poursuit le document, l\u2019intensification des conflits pourrait freiner les dynamiques de reprise. Une hausse soudaine du co\u00fbt des emprunts souverains pourrait aussi cr\u00e9er des tensions financi\u00e8res dans certains pays, et le fardeau de la dette et les pressions budg\u00e9taires pourraient encore s\u2019alourdir.<\/p>\n<p>De plus, ajoute le rapport, les difficult\u00e9s d\u2019achat et les probl\u00e8mes logistiques continueront d\u2019entraver les campagnes vaccinales. Cela, malgr\u00e9 la fourniture de vaccins dans le cadre du m\u00e9canisme COVAX. Il est \u00e0 pr\u00e9voir que les incertitudes politiques et les effets persistants de la pand\u00e9mie retarderont d\u2019importants investissements dans l\u2019infrastructure et les industries extractives et freineront la reprise en R\u00e9publique centrafricaine, en Guin\u00e9e \u00e9quatoriale, au Niger et au Kenya.<\/p>\n<p>A contrario, les campagnes de vaccination pourraient \u00eatre plus rapides qu\u2019anticip\u00e9, ce qui r\u00e9tablirait la confiance des consommateurs et des entreprises et contribuerait \u00e0 une reprise plus soutenue. De m\u00eame, un redressement plus important que pr\u00e9vu des prix des m\u00e9taux et du p\u00e9trole pourrait accro\u00eetre les recettes, fait savoir la Banque Mondiale.<\/p>\n<\/div>\n<p>Auteur: APA News<br \/>\n<a href=\"https:\/\/www.journalducameroun.com\/des-signaux-verts-pour-les-economies-subsahariennes-bm\/\">Cliquez ici pour lire l&rsquo;article depuis sa source.<\/a><\/p>\n","protected":false},"excerpt":{"rendered":"<p>Publi\u00e9 le 08.06.2021 \u00e0 19h18 par APA News Les nouvelles perspectives \u00e9conomiques de la Banque Mondiale (BM) projettent une croissance de 2,8 % cette ann\u00e9e pour la r\u00e9gion Afrique subsaharienne.L\u2019optimisme est de rigueur pour les \u00e9conomies de l\u2019Afrique subsaharienne. En effet, selon les perspectives \u00e9conomiques mondiales publi\u00e9es ce mardi par la BM, elles devraient renouer [&hellip;]<\/p>\n","protected":false},"author":1965,"featured_media":0,"comment_status":"closed","ping_status":"closed","sticky":false,"template":"","format":"standard","meta":{"fifu_image_url":"","fifu_image_alt":"","footnotes":""},"categories":[73,82],"tags":[],"class_list":["post-118247","post","type-post","status-publish","format-standard","hentry","category-actualite","category-cameroun"],"_links":{"self":[{"href":"https:\/\/linitiative.ca\/International\/wp-json\/wp\/v2\/posts\/118247","targetHints":{"allow":["GET"]}}],"collection":[{"href":"https:\/\/linitiative.ca\/International\/wp-json\/wp\/v2\/posts"}],"about":[{"href":"https:\/\/linitiative.ca\/International\/wp-json\/wp\/v2\/types\/post"}],"author":[{"embeddable":true,"href":"https:\/\/linitiative.ca\/International\/wp-json\/wp\/v2\/users\/1965"}],"replies":[{"embeddable":true,"href":"https:\/\/linitiative.ca\/International\/wp-json\/wp\/v2\/comments?post=118247"}],"version-history":[{"count":0,"href":"https:\/\/linitiative.ca\/International\/wp-json\/wp\/v2\/posts\/118247\/revisions"}],"wp:attachment":[{"href":"https:\/\/linitiative.ca\/International\/wp-json\/wp\/v2\/media?parent=118247"}],"wp:term":[{"taxonomy":"category","embeddable":true,"href":"https:\/\/linitiative.ca\/International\/wp-json\/wp\/v2\/categories?post=118247"},{"taxonomy":"post_tag","embeddable":true,"href":"https:\/\/linitiative.ca\/International\/wp-json\/wp\/v2\/tags?post=118247"}],"curies":[{"name":"wp","href":"https:\/\/api.w.org\/{rel}","templated":true}]}}