{"id":118248,"date":"2021-06-08T09:59:52","date_gmt":"2021-06-08T13:59:52","guid":{"rendered":"https:\/\/linitiative.ca\/International\/le-covidgate-sinvite-a-lassemblee-nationale\/"},"modified":"2021-06-08T09:59:52","modified_gmt":"2021-06-08T13:59:52","slug":"le-covidgate-sinvite-a-lassemblee-nationale","status":"publish","type":"post","link":"https:\/\/linitiative.ca\/International\/le-covidgate-sinvite-a-lassemblee-nationale\/","title":{"rendered":"le \u00ab Covidgate \u00bb s\u2019invite \u00e0 l\u2019assembl\u00e9e nationale"},"content":{"rendered":"<p>Depuis quelques semaines, les pr\u00e9somptions de d\u00e9tournements de fonds destin\u00e9s \u00e0 la lutte contre la Covid-19 agitent l\u2019espace public. Un fait qui ne laisse manifestement pas de marbre le pr\u00e9sident de l\u2019Assembl\u00e9e nationale. Cavaye Y\u00e9gui\u00e9 Djibril a profit\u00e9 de la pl\u00e9ni\u00e8re d\u2019ouverture pour appeler \u00e0 la s\u00e9r\u00e9nit\u00e9 dans le cadre du suivi des auditions r\u00e9alis\u00e9es par les officiers de police judiciaire pr\u00e8s le Tribunal criminel sp\u00e9cial. \u00ab\u00a0Sur tr\u00e8s hautes instructions du Chef de l\u2019Etat, une enqu\u00eate est en cours afin de connaitre de la gestion des fonds allou\u00e9s \u00e0 la lutte contre le Covid-19 dans le pays. Je voudrais prier les compatriotes de bien vouloir attendre les conclusions des investigations. N\u2019allons pas vite en besogne\u00a0\u00bb.<em>\u00a0<\/em>Un appel qui vise notamment les interventions m\u00e9diatiques et les r\u00e9seaux sociaux\u00a0:\u00a0\u00ab\u00a0Evitons tout lynchage \u00e0 travers les m\u00e9dias et autres r\u00e9seaux sociaux, au risque d\u2019exposer certains citoyens \u00e0 la vindicte populaire Restons sereins.\u00a0\u00bb<\/p>\n<p><strong>Circulation des armes<\/strong><\/p>\n<p>Outre la probl\u00e9matique des auditions pr\u00e8s le Tribunal criminel sp\u00e9cial, le pr\u00e9sident de la Chambre Basse du parlement s\u2019est \u00e9galement prononc\u00e9 sur la circulation des armes. Le Pan note ainsi la pr\u00e9sence de 7000 armes en circulation ill\u00e9gale au Cameroun, une pr\u00e9occupation selon lui, pour l\u2019Assembl\u00e9e nationale. \u00ab\u00a0La Repr\u00e9sentation nationale voudrait attirer l\u2019attention du gouvernement\u00a0 sur un ph\u00e9nom\u00e8ne de plus en plus\u00a0 inqui\u00e9tant \u00e0 savoir\u00a0: la circulation des armes de toutes natures et de diverses origines. Des informations \u00e0 notre disposition font \u00e9tat de sept mille armes ill\u00e9galement en circulation. Au moment o\u00f9 il est constat\u00e9, comme une mont\u00e9e en puissance de l\u2019ins\u00e9curit\u00e9, caract\u00e9ris\u00e9e par des sc\u00e8nes de violences ici et l\u00e0 ainsi que par des actes de grand banditisme. Il est urgent de circonscrire ce ph\u00e9nom\u00e8ne. Il constitue une menace pour l\u2019int\u00e9grit\u00e9 physique des citoyens et m\u00eame pour la s\u00e9curit\u00e9 de l\u2019Etat\u00a0\u00bb.<\/p>\n<p><em>\u00a0<\/em>Selon Cavaye Y\u00e9gui\u00e9 Djibril, des mesures de contr\u00f4le urgent. \u00ab\u00a0Je salue d\u00e9j\u00e0 les premi\u00e8res mesures prises par le gouvernement \u00e0 travers le Minist\u00e8re de l\u2019Administration territoriale notamment l\u2019interdiction des armes traumatiques. Mais j\u2019exhorte les autorit\u00e9s comp\u00e9tentes \u00e0 aller au-del\u00e0. Il s\u2019impose ici la n\u00e9cessit\u00e9 de remettre de l\u2019ordre dans ce secteur, de reprendre en main le syst\u00e8me \u00a0de circulation et de d\u00e9tention des armes au Cameroun\u00a0\u00bb<em>.<\/em><\/p>\n<p><strong>Attaques ext\u00e9rieures<\/strong><\/p>\n<p>Un point sur lequel le pr\u00e9sident de l\u2019Assembl\u00e9e nationale est \u00e9galement revenu est la lettre adress\u00e9e au Secr\u00e9taire d\u2019Etat am\u00e9ricain par la Repr\u00e9sentation nationale en avril \u00a0\u00a0dernier.\u00a0 Pour Cavaye Y\u00e9gui\u00e9 Djibril, les d\u00e9put\u00e9s doivent s\u2019\u00e9riger en d\u00e9fenseurs du Cameroun\u00a0: \u00ab\u00a0je voudrais relever l\u2019engagement des D\u00e9put\u00e9s \u00e0 l\u2019Assembl\u00e9e nationale face aux attaques ext\u00e9rieures dirig\u00e9es contre le Cameroun. La lettre ouverte adress\u00e9e au Secr\u00e9taire d\u2019Etat am\u00e9ricain par les \u00e9lus de la Nation, toutes chapelles politiques confondues\u00a0 et lue solennellement \u00a0le 9 avril 2021 constitue un document historique, un v\u00e9ritable camouflet pour les d\u00e9tracteurs et pourfendeurs de la R\u00e9publique. Ces professionnels de la d\u00e9sinformation trouveront d\u00e9sormais les honorables d\u00e9put\u00e9s sur leur chemin\u00a0\u00bb.<em>\u00a0<\/em>En rappel, cette sortie intervenait apr\u00e8s une lettre adress\u00e9e par 66 d\u00e9put\u00e9s au Congr\u00e8s am\u00e9ricain, au mois de f\u00e9vrier 2021.\u00a0<\/p>\n<p><strong><em>Ren\u00e9 Ombala\u00a0<\/em><\/strong><\/p>\n<p>Auteur: EcoMatin<br \/>\n<a href=\"https:\/\/ecomatin.net\/le-covidgate-sinvitee-a-lassemblee-nationale\/\">Cliquez ici pour lire l&rsquo;article depuis sa source.<\/a><\/p>\n","protected":false},"excerpt":{"rendered":"<p>Depuis quelques semaines, les pr\u00e9somptions de d\u00e9tournements de fonds destin\u00e9s \u00e0 la lutte contre la Covid-19 agitent l\u2019espace public. Un fait qui ne laisse manifestement pas de marbre le pr\u00e9sident de l\u2019Assembl\u00e9e nationale. Cavaye Y\u00e9gui\u00e9 Djibril a profit\u00e9 de la pl\u00e9ni\u00e8re d\u2019ouverture pour appeler \u00e0 la s\u00e9r\u00e9nit\u00e9 dans le cadre du suivi des auditions r\u00e9alis\u00e9es [&hellip;]<\/p>\n","protected":false},"author":1969,"featured_media":0,"comment_status":"closed","ping_status":"closed","sticky":false,"template":"","format":"standard","meta":{"fifu_image_url":"","fifu_image_alt":"","footnotes":""},"categories":[82,78],"tags":[],"class_list":["post-118248","post","type-post","status-publish","format-standard","hentry","category-cameroun","category-economie"],"_links":{"self":[{"href":"https:\/\/linitiative.ca\/International\/wp-json\/wp\/v2\/posts\/118248","targetHints":{"allow":["GET"]}}],"collection":[{"href":"https:\/\/linitiative.ca\/International\/wp-json\/wp\/v2\/posts"}],"about":[{"href":"https:\/\/linitiative.ca\/International\/wp-json\/wp\/v2\/types\/post"}],"author":[{"embeddable":true,"href":"https:\/\/linitiative.ca\/International\/wp-json\/wp\/v2\/users\/1969"}],"replies":[{"embeddable":true,"href":"https:\/\/linitiative.ca\/International\/wp-json\/wp\/v2\/comments?post=118248"}],"version-history":[{"count":0,"href":"https:\/\/linitiative.ca\/International\/wp-json\/wp\/v2\/posts\/118248\/revisions"}],"wp:attachment":[{"href":"https:\/\/linitiative.ca\/International\/wp-json\/wp\/v2\/media?parent=118248"}],"wp:term":[{"taxonomy":"category","embeddable":true,"href":"https:\/\/linitiative.ca\/International\/wp-json\/wp\/v2\/categories?post=118248"},{"taxonomy":"post_tag","embeddable":true,"href":"https:\/\/linitiative.ca\/International\/wp-json\/wp\/v2\/tags?post=118248"}],"curies":[{"name":"wp","href":"https:\/\/api.w.org\/{rel}","templated":true}]}}