{"id":118252,"date":"2021-06-08T13:57:04","date_gmt":"2021-06-08T17:57:04","guid":{"rendered":"https:\/\/linitiative.ca\/International\/vaccination-covid19-niat-njifenji-demande-au-gouvernement-dintensifier-sa-communication\/"},"modified":"2021-06-08T13:57:04","modified_gmt":"2021-06-08T17:57:04","slug":"vaccination-covid19-niat-njifenji-demande-au-gouvernement-dintensifier-sa-communication","status":"publish","type":"post","link":"https:\/\/linitiative.ca\/International\/vaccination-covid19-niat-njifenji-demande-au-gouvernement-dintensifier-sa-communication\/","title":{"rendered":"Vaccination-Covid19 : Niat Njifenji demande au gouvernement d\u2019intensifier sa communication"},"content":{"rendered":"<div class=\"entry-content entry clearfix\" readability=\"50\">\n<p>La Chambre Haute du Parlement a fait sa rentr\u00e9e ce jour. Le pr\u00e9sident de cette institution, Marcel Niat Njifenji a ax\u00e9 son discours sur les lenteurs observ\u00e9es dans le processus de vaccination contre le Covid-19 au Cameroun. Pour ce dernier, l\u2019origine des blocages repose partiellement sur la communication du gouvernement. Un processus qu\u2019il juge insuffisant. \u00ab\u00a0Je note cependant que si plusieurs Camerounais ont d\u00e9j\u00e0 re\u00e7u leurs doses de vaccin, nombreux sont cependant ceux qui restent encore r\u00e9ticents. Je voudrais inviter le gouvernement \u00e0 intensifier et \u00e0 multiplier les op\u00e9rations de communication afin de vaincre ces r\u00e9sistances\u00a0\u00a0et susciter plus d\u2019int\u00e9r\u00eat pour cette campagne de vaccination dont l\u2019int\u00e9r\u00eat n\u2019est plus \u00e0 d\u00e9montrer\u00bb<em>\u00a0<\/em>a d\u00e9clar\u00e9 le pr\u00e9sident du S\u00e9nat.<\/p>\n<p>Marcel Niat Njifenji a en outre propos\u00e9 au gouvernement les services du S\u00e9nat. \u00ab\u00a0Le gouvernement peut compter sur le concours bienveillant des \u00e9lus que nous sommes, en vue d\u2019une communication de proximit\u00e9 aupr\u00e8s des populations\u00a0\u00bb.<\/p>\n<p><strong>FEC<\/strong><\/p>\n<p>Un autre point soulev\u00e9 par le pr\u00e9sident du S\u00e9nat est l\u2019accord conclu avec le Fonds Mon\u00e9taire international (Fmi).\u00a0\u00a0Marcel Niat Njifenji\u00a0\u00a0a fait mine d\u2019ignorer l\u2019enqu\u00eate instruite par le pr\u00e9sident de la R\u00e9publique dans le cadre de la gestion des\u00a0\u00a0fonds allou\u00e9s \u00e0 la lutte contre le coronavirus. Il a en effet assur\u00e9\u00a0\u00a0que la gestion \u00e9conomique du pays est au top. \u00ab\u00a0Nous enregistrons aussi avec satisfaction l\u2019accord qui vient d\u2019\u00eatre conclu avec le Fonds mon\u00e9taire international au titre de la Facilit\u00e9 \u00e9largie de cr\u00e9dit, confirmant ainsi la bonne gestion de notre \u00e9conomie et sa r\u00e9silience, malgr\u00e9 les d\u00e9g\u00e2ts caus\u00e9s par la pand\u00e9mie actuelle. J\u2019en appelle aux autres pays amis et donateurs afin que fleurissent de\u00a0\u00a0telles initiatives qui concourent \u00e0 la responsabilit\u00e9 collective et \u00e0 agir ensemble\u00a0\u00a0pour \u00e0 la fois vaincre la pand\u00e9mie et mettre \u00e0 contribution\u00a0\u00a0le syst\u00e8me financier international en vue d\u2019apporter\u00a0\u00a0robuste \u00e0 nos \u00e9conomies\u00bb.<\/p>\n<p><strong>Ben Christy Moudio<\/strong><\/p>\n<\/div>\n<div class=\"toggle-post-content clearfix\"><a id=\"toggle-post-button\" class=\"button\" href=\"#\">Afficher plus <\/a><\/div>\n<p>Auteur: EcoMatin<br \/>\n<a href=\"https:\/\/ecomatin.net\/vaccination-covid19-niat-njifenji-demande-au-gouvernementt-dintensifier-sa-communication\/\">Cliquez ici pour lire l&rsquo;article depuis sa source.<\/a><\/p>\n","protected":false},"excerpt":{"rendered":"<p>La Chambre Haute du Parlement a fait sa rentr\u00e9e ce jour. Le pr\u00e9sident de cette institution, Marcel Niat Njifenji a ax\u00e9 son discours sur les lenteurs observ\u00e9es dans le processus de vaccination contre le Covid-19 au Cameroun. Pour ce dernier, l\u2019origine des blocages repose partiellement sur la communication du gouvernement. Un processus qu\u2019il juge insuffisant. [&hellip;]<\/p>\n","protected":false},"author":1969,"featured_media":0,"comment_status":"closed","ping_status":"closed","sticky":false,"template":"","format":"standard","meta":{"fifu_image_url":"","fifu_image_alt":"","footnotes":""},"categories":[82,78],"tags":[],"class_list":["post-118252","post","type-post","status-publish","format-standard","hentry","category-cameroun","category-economie"],"_links":{"self":[{"href":"https:\/\/linitiative.ca\/International\/wp-json\/wp\/v2\/posts\/118252","targetHints":{"allow":["GET"]}}],"collection":[{"href":"https:\/\/linitiative.ca\/International\/wp-json\/wp\/v2\/posts"}],"about":[{"href":"https:\/\/linitiative.ca\/International\/wp-json\/wp\/v2\/types\/post"}],"author":[{"embeddable":true,"href":"https:\/\/linitiative.ca\/International\/wp-json\/wp\/v2\/users\/1969"}],"replies":[{"embeddable":true,"href":"https:\/\/linitiative.ca\/International\/wp-json\/wp\/v2\/comments?post=118252"}],"version-history":[{"count":0,"href":"https:\/\/linitiative.ca\/International\/wp-json\/wp\/v2\/posts\/118252\/revisions"}],"wp:attachment":[{"href":"https:\/\/linitiative.ca\/International\/wp-json\/wp\/v2\/media?parent=118252"}],"wp:term":[{"taxonomy":"category","embeddable":true,"href":"https:\/\/linitiative.ca\/International\/wp-json\/wp\/v2\/categories?post=118252"},{"taxonomy":"post_tag","embeddable":true,"href":"https:\/\/linitiative.ca\/International\/wp-json\/wp\/v2\/tags?post=118252"}],"curies":[{"name":"wp","href":"https:\/\/api.w.org\/{rel}","templated":true}]}}