{"id":118256,"date":"2021-06-09T11:12:09","date_gmt":"2021-06-09T15:12:09","guid":{"rendered":"https:\/\/linitiative.ca\/International\/cooperation-bilaterale-le-maroc-et-la-hongrie-signent-plusieurs-projets-daccords\/"},"modified":"2021-06-09T11:12:09","modified_gmt":"2021-06-09T15:12:09","slug":"cooperation-bilaterale-le-maroc-et-la-hongrie-signent-plusieurs-projets-daccords","status":"publish","type":"post","link":"https:\/\/linitiative.ca\/International\/cooperation-bilaterale-le-maroc-et-la-hongrie-signent-plusieurs-projets-daccords\/","title":{"rendered":"Coop\u00e9ration bilat\u00e9rale: le Maroc et la Hongrie signent plusieurs projets d\u2019accords"},"content":{"rendered":"<figure class=\"post-thumbnail\" itemprop=\"associatedMedia\" itemscope=\"itemscope\" itemtype=\"http:\/\/schema.org\/ImageObject\"><img decoding=\"async\" class=\"post_layout_5_img\" src=\"https:\/\/aujourdhui.ma\/wp-content\/uploads\/2021\/06\/maroc-hongrie1.jpg\" alt=\"Coop\u00e9ration bilat\u00e9rale: le Maroc et la Hongrie signent plusieurs projets d\u2019accords\"\/><\/figure>\n<p><span class=\"c6\"><strong>Le Maroc et la Hongrie ont sign\u00e9, mercredi \u00e0 Rabat, plusieurs projets d\u2019accords couvrant divers domaines de coop\u00e9ration bilat\u00e9rale.<\/strong><\/span><span id=\"more-378675\"\/><\/p>\n<p>Ces projets d\u2019accords ont \u00e9t\u00e9 sign\u00e9s en marge des entretiens du ministre des Affaires \u00e9trang\u00e8res, de la Coop\u00e9ration africaine et des Marocains R\u00e9sidant \u00e0 l\u2019Etranger, M. Nasser Bourita, avec le ministre des Affaires \u00e9trang\u00e8res et du Commerce de Hongrie, M. Peter Szijjartode, qui effectue une visite officielle dans le Royaume.<\/p>\n<p>Ainsi, les deux ministres ont sign\u00e9 un M\u00e9morandum d\u2019entente sur les consultations politiques qui vise \u00e0 cr\u00e9er un cadre pour la discussion des sujets d\u2019int\u00e9r\u00eat commun entre les deux parties moyennant des rencontres r\u00e9guli\u00e8res entre les responsables de diff\u00e9rents niveaux.<\/p>\n<p>Il s\u2019agit aussi d\u2019un M\u00e9morandum d\u2019entente dans le domaine de la formation diplomatique qui ambitionne de renforcer le partenariat entre l\u2019Acad\u00e9mie Marocaine des Etudes Diplomatique (AMED) et le minist\u00e8re hongrois des Affaires \u00e9trang\u00e8res en mati\u00e8re de formation des jeunes diplomates et d\u2019\u00e9change d\u2019exp\u00e9riences, ainsi qu\u2019un Accord sur l\u2019assistance mutuelle en mati\u00e8re P\u00e9nale pour la cr\u00e9ation d\u2019une entraide judiciaire syst\u00e9matique entre les deux pays, notamment dans le domaine des proc\u00e9dures d\u2019enqu\u00eate et de notification en mati\u00e8re d\u2019ex\u00e9cution des peines ou des mesures de protection.<\/p>\n<p>Les deux parties ont \u00e9galement sign\u00e9 un Accord de partenariat entre l\u2019Administration des douanes et imp\u00f4ts Indirects (ADII) du Royaume du Maroc et l\u2019Administration Nationale des Imp\u00f4ts et des douanes de Hongrie. Cet accord vise \u00e0 renforcer la coop\u00e9ration entre les deux institutions charg\u00e9es de la douane et l\u2019am\u00e9lioration de l\u2019efficacit\u00e9 de leurs actions \u00e0 travers l\u2019\u00e9change d\u2019informations et d\u2019exp\u00e9riences.<\/p>\n<p>Il s\u2019agit \u00e9galement d\u2019un Programme d\u2019application de l\u2019Accord de Coop\u00e9ration Culturelle au titre des ann\u00e9es 2021-2024, qui vise \u00e0 mettre en \u0153uvre et initier des actions dans les domaines de la culture et de la science pour la concr\u00e9tisation de l\u2019Accord de coop\u00e9ration culturelle et scientifique sign\u00e9 entre les deux pays le 7 mars 1972.<\/p>\n<p>Un Programme d\u2019application de l\u2019Accord de coop\u00e9ration sportive au titre des ann\u00e9es 2021-2022-2023 a \u00e9t\u00e9 sign\u00e9 par les deux parties. Ce programme vise \u00e0 mettre en \u0153uvre et initier des actions dans le domaine du sport pour la concr\u00e9tisation de l\u2019Accord de coop\u00e9ration culturelle et scientifique sign\u00e9 entre les deux pays le 7 Mars 1972.<\/p>\n<p>Les deux ministres ont aussi sign\u00e9 un \u00c9change de note pour la reconnaissance des certificats de vaccination contre la COVID-19 en vue de reconna\u00eetre r\u00e9ciproquement des certificats de vaccination des ressortissants des deux pays.<\/p>\n<p>Un M\u00e9morandum d\u2019entente en mati\u00e8re de recherche scientifique et technologique, qui ambitionne de renforcer la coop\u00e9ration dans les domaines scientifiques et technologiques \u00e0 travers des programmes de recherche communs et l\u2019\u00e9change de bonnes pratiques en innovation, ainsi qu\u2019un Protocole additionnel concernant l\u2019amendement du M\u00e9morandum d\u2019entente relatif au programme \u00ab\u00a0The Stipendium Hungarium\u00a0\u00bb pour les ann\u00e9es 2020-2022 et qui vise \u00e0 augmenter le nombre de bourses d\u2019\u00e9tude allou\u00e9es aux \u00e9tudiants marocains en Hongrie de 150 initialement pr\u00e9vues par le Programme \u00e0 165 bourses, ont \u00e9t\u00e9 sign\u00e9s c\u00f4t\u00e9 marocain par le ministre d\u00e9l\u00e9gu\u00e9 charg\u00e9 de l\u2019Enseignement sup\u00e9rieur et de la recherche scientifique, Driss Ouaouicha.<\/p>\n<p>Auteur: ALM<br \/>\n<a href=\"https:\/\/aujourdhui.ma\/politique\/cooperation-bilaterale-le-maroc-et-la-hongrie-signent-plusieurs-projets-daccords\">Cliquez ici pour lire l&rsquo;article depuis sa source.<\/a><\/p>\n","protected":false},"excerpt":{"rendered":"<p>Le Maroc et la Hongrie ont sign\u00e9, mercredi \u00e0 Rabat, plusieurs projets d\u2019accords couvrant divers domaines de coop\u00e9ration bilat\u00e9rale. Ces projets d\u2019accords ont \u00e9t\u00e9 sign\u00e9s en marge des entretiens du ministre des Affaires \u00e9trang\u00e8res, de la Coop\u00e9ration africaine et des Marocains R\u00e9sidant \u00e0 l\u2019Etranger, M. Nasser Bourita, avec le ministre des Affaires \u00e9trang\u00e8res et du [&hellip;]<\/p>\n","protected":false},"author":1759,"featured_media":0,"comment_status":"closed","ping_status":"closed","sticky":false,"template":"","format":"standard","meta":{"fifu_image_url":"https:\/\/aujourdhui.ma\/wp-content\/uploads\/2021\/06\/maroc-hongrie1.jpg","fifu_image_alt":"Coop\u00e9ration bilat\u00e9rale: le Maroc et la Hongrie signent plusieurs projets d\u2019accords","footnotes":""},"categories":[73,54],"tags":[],"class_list":["post-118256","post","type-post","status-publish","format-standard","hentry","category-actualite","category-maroc"],"_links":{"self":[{"href":"https:\/\/linitiative.ca\/International\/wp-json\/wp\/v2\/posts\/118256","targetHints":{"allow":["GET"]}}],"collection":[{"href":"https:\/\/linitiative.ca\/International\/wp-json\/wp\/v2\/posts"}],"about":[{"href":"https:\/\/linitiative.ca\/International\/wp-json\/wp\/v2\/types\/post"}],"author":[{"embeddable":true,"href":"https:\/\/linitiative.ca\/International\/wp-json\/wp\/v2\/users\/1759"}],"replies":[{"embeddable":true,"href":"https:\/\/linitiative.ca\/International\/wp-json\/wp\/v2\/comments?post=118256"}],"version-history":[{"count":0,"href":"https:\/\/linitiative.ca\/International\/wp-json\/wp\/v2\/posts\/118256\/revisions"}],"wp:attachment":[{"href":"https:\/\/linitiative.ca\/International\/wp-json\/wp\/v2\/media?parent=118256"}],"wp:term":[{"taxonomy":"category","embeddable":true,"href":"https:\/\/linitiative.ca\/International\/wp-json\/wp\/v2\/categories?post=118256"},{"taxonomy":"post_tag","embeddable":true,"href":"https:\/\/linitiative.ca\/International\/wp-json\/wp\/v2\/tags?post=118256"}],"curies":[{"name":"wp","href":"https:\/\/api.w.org\/{rel}","templated":true}]}}