{"id":118259,"date":"2021-06-08T14:00:00","date_gmt":"2021-06-08T18:00:00","guid":{"rendered":"https:\/\/linitiative.ca\/International\/le-prochain-gouvernement\/"},"modified":"2021-06-08T14:00:00","modified_gmt":"2021-06-08T18:00:00","slug":"le-prochain-gouvernement","status":"publish","type":"post","link":"https:\/\/linitiative.ca\/International\/le-prochain-gouvernement\/","title":{"rendered":"Le prochain gouvernement !"},"content":{"rendered":"<p class=\"has-vivid-cyan-blue-color has-text-color\"><strong>De quel gouvernement notre pays aurait-il besoin pour relever les d\u00e9fis \u00e0 venir\u00a0? La question devrait interpeller fortement, en premier lieu, la classe politique nationale qui s\u2019appr\u00eate \u00e0 faire faceaux \u00e9ch\u00e9ances \u00e9lectorales dans juste quelques mois. Il va sans dire que toute la nation s\u2019attend \u00e0 unrehaussement substantiel de la prestance de l\u2019ex\u00e9cutif, bien meilleure que l\u2019offre du sortant, marqu\u00e9 defadeur et de querelle.<\/strong><\/p>\n<p>Tout au long de l\u2019actuel mandat qui rend ses ultimes soupirs,la primatureet son \u00e9quip\u00e9een ont fait voir, au fait, de toutes les couleurs \u00e0 une nation mise \u00e0 mal par cetteindolenceinou\u00efe et cetiraillement belliqueux. A peine trois mois, ce spectre maussade ne serait peut-\u00eatre plus, qu\u2019un cauchemar dont on ferait vite de quitter sans regret. A pr\u00e9sent, notre pays amorce un tournant d\u00e9cisif de son parcours, dict\u00e9 par les nouveaux d\u00e9veloppements de la question de l\u2019int\u00e9grit\u00e9 territoriale qui a eu certes, un gain de cause plausible, surtout par cetteretentissante reconnaissance de la premi\u00e8re puissance mondiale, destin\u00e9e \u00e0 la marocanit\u00e9 du Sahara. Mais, n\u00e9cessite surtout unconstant accompagnement \u00e0 la fois vigilant et offensif en vue de pouvoir assurer son parach\u00e8vement d\u00e9finitif, tout en sachant que les hostilit\u00e9s frontali\u00e8res ne cessent de s\u2019accro\u00eetre, en ces temps-ci.<\/p>\n<p>D\u2019autre part, il est bien clair que la mise en \u0153uvre du mod\u00e8le de d\u00e9veloppement qui s\u2019instaure dans les enceintes d\u2019ex\u00e9cution, \u00a0en mati\u00e8re de r\u00e9flexions et d\u2019orientations, d\u00e9pendra, sans doute, de l\u2019efficience des gestionnaires av\u00e9r\u00e9s pour son application juste et cr\u00e9ative.De m\u00eame,notre pays se trouve d\u00e9sormais, \u00e0 l\u2019avant-proposd\u2019unephase transitoire que l\u2019\u00e8re pand\u00e9mique a vraisemblablement aiguillonn\u00e9 et outill\u00e9, en termes de solidarit\u00e9 et d\u2019innovation, face \u00e0 cette \u00e9preuve ardue et ardente. La relance post-\u00e9pid\u00e9mique tous azimuts, en particulier au niveau du red\u00e9marrage de la machine \u00e9conomique et du rel\u00e8vement de la situation sociale et humaine, s\u2019av\u00e8re donc une n\u00e9cessit\u00e9 absolue afin de garder la paix et la stabilit\u00e9 soci\u00e9tales, en r\u00e9elle ballotage, depuis un certain moment\u2026 Cen\u2019est alors nullement avec l\u2019ex\u00e9cutif qui, bient\u00f4t fort heureusement, rendrason tablier, que notre pays tiendrait la drag\u00e9e haute \u00e0 toutes ces adversit\u00e9s. L\u2019heure est \u00e0 la mise en place d\u2019un gouvernement fortet coh\u00e9rent, par le biais des op\u00e9rations de vote transparentes et cr\u00e9dibles, fond\u00e9es sur un large \u00e9ventail de confiance en les institutionset leurs h\u00f4tes. C\u2019est dire, en cons\u00e9quence, combiennotre pays est \u00e0 la recherche de d\u00e9mocratie r\u00e9elle qui ferait na\u00eetre les d\u00e9mocrates car sans la pr\u00e9sence de la premi\u00e8re, il n\u2019y aurait pas deseconds dans la vie politique nationale.<\/p>\n<p>Auteur: M&rsquo;hammed rahal<br \/>\n<a href=\"http:\/\/albayane.press.ma\/le-prochain-gouvernement.html\">Cliquez ici pour lire l&rsquo;article depuis sa source.<\/a><\/p>\n","protected":false},"excerpt":{"rendered":"<p>De quel gouvernement notre pays aurait-il besoin pour relever les d\u00e9fis \u00e0 venir\u00a0? La question devrait interpeller fortement, en premier lieu, la classe politique nationale qui s\u2019appr\u00eate \u00e0 faire faceaux \u00e9ch\u00e9ances \u00e9lectorales dans juste quelques mois. Il va sans dire que toute la nation s\u2019attend \u00e0 unrehaussement substantiel de la prestance de l\u2019ex\u00e9cutif, bien meilleure [&hellip;]<\/p>\n","protected":false},"author":1760,"featured_media":0,"comment_status":"closed","ping_status":"closed","sticky":false,"template":"","format":"standard","meta":{"fifu_image_url":"","fifu_image_alt":"","footnotes":""},"categories":[73,54],"tags":[],"class_list":["post-118259","post","type-post","status-publish","format-standard","hentry","category-actualite","category-maroc"],"_links":{"self":[{"href":"https:\/\/linitiative.ca\/International\/wp-json\/wp\/v2\/posts\/118259","targetHints":{"allow":["GET"]}}],"collection":[{"href":"https:\/\/linitiative.ca\/International\/wp-json\/wp\/v2\/posts"}],"about":[{"href":"https:\/\/linitiative.ca\/International\/wp-json\/wp\/v2\/types\/post"}],"author":[{"embeddable":true,"href":"https:\/\/linitiative.ca\/International\/wp-json\/wp\/v2\/users\/1760"}],"replies":[{"embeddable":true,"href":"https:\/\/linitiative.ca\/International\/wp-json\/wp\/v2\/comments?post=118259"}],"version-history":[{"count":0,"href":"https:\/\/linitiative.ca\/International\/wp-json\/wp\/v2\/posts\/118259\/revisions"}],"wp:attachment":[{"href":"https:\/\/linitiative.ca\/International\/wp-json\/wp\/v2\/media?parent=118259"}],"wp:term":[{"taxonomy":"category","embeddable":true,"href":"https:\/\/linitiative.ca\/International\/wp-json\/wp\/v2\/categories?post=118259"},{"taxonomy":"post_tag","embeddable":true,"href":"https:\/\/linitiative.ca\/International\/wp-json\/wp\/v2\/tags?post=118259"}],"curies":[{"name":"wp","href":"https:\/\/api.w.org\/{rel}","templated":true}]}}