{"id":118261,"date":"2021-06-08T14:00:00","date_gmt":"2021-06-08T18:00:00","guid":{"rendered":"https:\/\/linitiative.ca\/International\/omar-hilale-elu-a-la-presidence-de-la-1ere-commission-en-charge-du-desarmement-et-de-la-securite-internationale\/"},"modified":"2021-06-08T14:00:00","modified_gmt":"2021-06-08T18:00:00","slug":"omar-hilale-elu-a-la-presidence-de-la-1ere-commission-en-charge-du-desarmement-et-de-la-securite-internationale","status":"publish","type":"post","link":"https:\/\/linitiative.ca\/International\/omar-hilale-elu-a-la-presidence-de-la-1ere-commission-en-charge-du-desarmement-et-de-la-securite-internationale\/","title":{"rendered":"Omar Hilale \u00e9lu \u00e0 la pr\u00e9sidence de la 1\u00e8re Commission en charge du d\u00e9sarmement et de la s\u00e9curit\u00e9 internationale"},"content":{"rendered":"<p class=\"has-text-align-center has-vivid-cyan-blue-color has-text-color\"><strong>Assembl\u00e9e g\u00e9n\u00e9rale de l\u2019ONU<\/strong><\/p>\n<p class=\"has-text-align-left\"><strong>L\u2019ambassadeur Repr\u00e9sentant permanent du Maroc aupr\u00e8s des Nations-Unies \u00e0 New York, Omar Hilale, a \u00e9t\u00e9 \u00e9lu lundi par acclamation, en tant que pr\u00e9sident de la Premi\u00e8re Commission de la 76\u00e8me session de l\u2019Assembl\u00e9e g\u00e9n\u00e9rale de l\u2019ONU.<\/strong><\/p>\n<p class=\"has-text-align-left\">C\u2019est la premi\u00e8re fois que le Maroc acc\u00e8de \u00e0 la pr\u00e9sidence de cette importante Commission en charge du d\u00e9sarmement et de la s\u00e9curit\u00e9 internationale.<\/p>\n<p class=\"has-text-align-left\">Le choix du Royaume, au nom du continent africain, illustre la reconnaissance onusienne unanime du r\u00f4le du Maroc en tant qu\u2019acteur mobilis\u00e9, responsable et cr\u00e9dible dans les efforts de lutte contre la course aux armements tant nucl\u00e9aire que classique, ainsi que pour son action en faveur de la paix, la s\u00e9curit\u00e9 et la stabilit\u00e9, r\u00e9gionales et mondiales.<\/p>\n<p class=\"has-text-align-left\">Cette \u00e9lection constitue, en outre, un t\u00e9moignage \u00e9clatant de la pertinence des choix diplomatiques volontaristes, mod\u00e9r\u00e9s et consensuels en mati\u00e8re de paix, de s\u00e9curit\u00e9 et de stabilit\u00e9, op\u00e9r\u00e9s par le Royaume, sous la conduite \u00e9clair\u00e9e de Sa Majest\u00e9 le Roi Mohammed VI. Elle conforte, \u00e9galement, le positionnement du Maroc sur la sc\u00e8ne internationale gr\u00e2ce \u00e0 sa diplomatie multicausale.<\/p>\n<p class=\"has-text-align-left\">Suite \u00e0 son \u00e9lection, M. Hilale a d\u00e9clar\u00e9 devant l\u2019Assembl\u00e9e g\u00e9n\u00e9rale que le choix port\u00e9 sur le Maroc \u00ab\u00a0intervient dans un contexte international difficile marqu\u00e9 par la d\u00e9t\u00e9rioration de la s\u00e9curit\u00e9 internationale, l\u2019exacerbation de la menace terroriste et par la recrudescence in\u00e9dite de d\u00e9fis, anciens et nouveaux, \u00e0 l\u2019\u00e9difice de la paix et de la s\u00e9curit\u00e9 internationales, en particulier l\u2019architecture globale de d\u00e9sarmement et de non-prolif\u00e9ration\u00bb.<\/p>\n<p class=\"has-text-align-left\">Aussi, a-t-il appel\u00e9, \u00e0 renforcer les efforts afin de sauvegarder les instruments internationaux, tels que le Trait\u00e9 de non-prolif\u00e9ration nucl\u00e9aire (TNP), ajoutant que \u00ab conscient de l\u2019ampleur de la t\u00e2che, le Royaume du Maroc s\u2019est, de tous temps, \u2013 et conform\u00e9ment aux Hautes orientations de Sa Majest\u00e9 le Roi Mohammed VI, Que Dieu L\u2019Assiste,- r\u00e9solument engag\u00e9 en faveur des objectifs de d\u00e9sarmement, de non-prolif\u00e9ration et pour la r\u00e9alisation de l\u2019objectif d\u2019un monde exempt d\u2019armes nucl\u00e9aires\u00bb.<\/p>\n<p class=\"has-text-align-left\">L\u2019\u00e9lection de l\u2019ambassadeur du Maroc t\u00e9moigne aussi de la confiance dont il jouit aupr\u00e8s de ses pairs pour insuffler une dynamique nouvelle et ambitieuse, \u00e0 m\u00eame de permettre \u00e0 cette importante Commission de mener ses travaux de mani\u00e8re transparente, ouverte et inclusive.<\/p>\n<p class=\"has-text-align-left\">Hilale, qui a plus de 30 ann\u00e9es d\u2019exp\u00e9rience directe avec les Nations-Unies, a pr\u00e9sid\u00e9, en 2004, la Conf\u00e9rence du D\u00e9sarmement \u00e0 Gen\u00e8ve. Il a \u00e9galement \u00e9t\u00e9 pr\u00e9sident de la Troisi\u00e8me Commission de l\u2019Assembl\u00e9e g\u00e9n\u00e9rale sur les questions sociales, humanitaires et culturelles, de 2015 \u00e0 2016.<\/p>\n<p class=\"has-text-align-left\">Cette \u00e9lection vient s\u2019ajouter aux nombreuses responsabilit\u00e9s que la communaut\u00e9 internationale confie au Royaume dans ce domaine. En effet, le Maroc assure actuellement la pr\u00e9sidence du conseil ex\u00e9cutif de l\u2019Organisation pour l\u2019interdiction des armes chimiques (OIAC) jusqu\u2019en mai 2022.\u00a0 Le Royaume pr\u00e9side, depuis septembre 2020, la 64\u00e8me Conf\u00e9rence g\u00e9n\u00e9rale de l\u2019Agence internationale de l\u2019\u00e9nergie atomique (AIEA) de m\u00eame qu\u2019il est Coordonnateur du Groupe de mise en \u0153uvre et d\u2019\u00e9valuation (IAG) de l\u2019Initiative globale de lutte contre le terrorisme nucl\u00e9aire (IGLTN) pour la p\u00e9riode 2019-2021.<\/p>\n<p>Auteur: M&rsquo;hammed rahal<br \/>\n<a href=\"http:\/\/albayane.press.ma\/omar-hilale-elu-a-la-presidence-de-la-1ere-commission-en-charge-du-desarmement-et-de-la-securite-internationale.html\">Cliquez ici pour lire l&rsquo;article depuis sa source.<\/a><\/p>\n","protected":false},"excerpt":{"rendered":"<p>Assembl\u00e9e g\u00e9n\u00e9rale de l\u2019ONU L\u2019ambassadeur Repr\u00e9sentant permanent du Maroc aupr\u00e8s des Nations-Unies \u00e0 New York, Omar Hilale, a \u00e9t\u00e9 \u00e9lu lundi par acclamation, en tant que pr\u00e9sident de la Premi\u00e8re Commission de la 76\u00e8me session de l\u2019Assembl\u00e9e g\u00e9n\u00e9rale de l\u2019ONU. C\u2019est la premi\u00e8re fois que le Maroc acc\u00e8de \u00e0 la pr\u00e9sidence de cette importante Commission [&hellip;]<\/p>\n","protected":false},"author":1760,"featured_media":0,"comment_status":"closed","ping_status":"closed","sticky":false,"template":"","format":"standard","meta":{"fifu_image_url":"","fifu_image_alt":"","footnotes":""},"categories":[73,54],"tags":[],"class_list":["post-118261","post","type-post","status-publish","format-standard","hentry","category-actualite","category-maroc"],"_links":{"self":[{"href":"https:\/\/linitiative.ca\/International\/wp-json\/wp\/v2\/posts\/118261","targetHints":{"allow":["GET"]}}],"collection":[{"href":"https:\/\/linitiative.ca\/International\/wp-json\/wp\/v2\/posts"}],"about":[{"href":"https:\/\/linitiative.ca\/International\/wp-json\/wp\/v2\/types\/post"}],"author":[{"embeddable":true,"href":"https:\/\/linitiative.ca\/International\/wp-json\/wp\/v2\/users\/1760"}],"replies":[{"embeddable":true,"href":"https:\/\/linitiative.ca\/International\/wp-json\/wp\/v2\/comments?post=118261"}],"version-history":[{"count":0,"href":"https:\/\/linitiative.ca\/International\/wp-json\/wp\/v2\/posts\/118261\/revisions"}],"wp:attachment":[{"href":"https:\/\/linitiative.ca\/International\/wp-json\/wp\/v2\/media?parent=118261"}],"wp:term":[{"taxonomy":"category","embeddable":true,"href":"https:\/\/linitiative.ca\/International\/wp-json\/wp\/v2\/categories?post=118261"},{"taxonomy":"post_tag","embeddable":true,"href":"https:\/\/linitiative.ca\/International\/wp-json\/wp\/v2\/tags?post=118261"}],"curies":[{"name":"wp","href":"https:\/\/api.w.org\/{rel}","templated":true}]}}