{"id":118264,"date":"2021-06-09T06:54:52","date_gmt":"2021-06-09T10:54:52","guid":{"rendered":"https:\/\/linitiative.ca\/International\/linlucc-lance-une-alerte-plus-de-20-mille-doses-du-vaccin-astrazeneca-perimees\/"},"modified":"2021-06-09T06:54:52","modified_gmt":"2021-06-09T10:54:52","slug":"linlucc-lance-une-alerte-plus-de-20-mille-doses-du-vaccin-astrazeneca-perimees","status":"publish","type":"post","link":"https:\/\/linitiative.ca\/International\/linlucc-lance-une-alerte-plus-de-20-mille-doses-du-vaccin-astrazeneca-perimees\/","title":{"rendered":"L\u2019INLUCC lance une alerte: Plus de 20 mille doses du vaccin Astrazeneca p\u00e9rim\u00e9es"},"content":{"rendered":"<div class=\"field field-name-body field-type-text-with-summary field-label-hidden field-items field-item even\">\n<p>Dans une interview accord\u00e9e mercredi 9 juin 2021 au journal le \u00ab\u00a0Maghreb\u00a0\u00bb, Imed Boukhris, le pr\u00e9sident limog\u00e9 de l\u2019Instance nationale de lutte contre la corruption (INLUCC) a \u00e9voqu\u00e9 plusieurs dossiers dont celui concernant la situation sanitaire.<\/p>\n<p>Boukhris a fait savoir, \u00e0 cette occasion, que plus de 20 mille doses du vaccin \u00ab\u00a0Astrazeneca\u00a0\u00bb sont p\u00e9rim\u00e9es, depuis le 31 mai 2021. Et pr\u00e9cise que l\u2019Instance est intervenue pour alerter sur ce grand danger.<\/p>\n<\/div>\n<div class=\"wp-post-author-wrap wp-post-author-shortcode left\">\n<h3 class=\"awpa-title\"\/>\n<div class=\"wp-post-author\">\n<div class=\"awpa-img awpa-author-block square\"><a href=\"http:\/\/lexpertjournal.net\/fr\/?author=5\"><img loading=\"lazy\" decoding=\"async\" alt=\"\" src=\"http:\/\/0.gravatar.com\/avatar\/97f8e10a1c1125ba104a76514ee07b16?s=150&amp;d=mm&amp;r=g\" srcset=\"http:\/\/0.gravatar.com\/avatar\/97f8e10a1c1125ba104a76514ee07b16?s=300&amp;d=mm&amp;r=g 2x\" class=\"avatar avatar-150 photo\" height=\"150\" width=\"150\"\/><\/a><\/div>\n<\/div>\n<\/div>\n<aside class=\"mashsb-container mashsb-main mashsb-stretched\">\n<\/aside>\n<p>Auteur: L&rsquo;expert<br \/>\n<a href=\"http:\/\/lexpertjournal.net\/fr\/?p=20298\">Cliquez ici pour lire l&rsquo;article depuis sa source.<\/a><\/p>\n","protected":false},"excerpt":{"rendered":"<p>Dans une interview accord\u00e9e mercredi 9 juin 2021 au journal le \u00ab\u00a0Maghreb\u00a0\u00bb, Imed Boukhris, le pr\u00e9sident limog\u00e9 de l\u2019Instance nationale de lutte contre la corruption (INLUCC) a \u00e9voqu\u00e9 plusieurs dossiers dont celui concernant la situation sanitaire. Boukhris a fait savoir, \u00e0 cette occasion, que plus de 20 mille doses du vaccin \u00ab\u00a0Astrazeneca\u00a0\u00bb sont p\u00e9rim\u00e9es, depuis [&hellip;]<\/p>\n","protected":false},"author":1775,"featured_media":0,"comment_status":"closed","ping_status":"closed","sticky":false,"template":"","format":"standard","meta":{"fifu_image_url":"http:\/\/0.gravatar.com\/avatar\/97f8e10a1c1125ba104a76514ee07b16?s=150&d=mm&r=g","fifu_image_alt":"L\u2019INLUCC lance une alerte: Plus de 20 mille doses du vaccin Astrazeneca p\u00e9rim\u00e9es","footnotes":""},"categories":[78,55],"tags":[],"class_list":["post-118264","post","type-post","status-publish","format-standard","hentry","category-economie","category-tunisie"],"_links":{"self":[{"href":"https:\/\/linitiative.ca\/International\/wp-json\/wp\/v2\/posts\/118264","targetHints":{"allow":["GET"]}}],"collection":[{"href":"https:\/\/linitiative.ca\/International\/wp-json\/wp\/v2\/posts"}],"about":[{"href":"https:\/\/linitiative.ca\/International\/wp-json\/wp\/v2\/types\/post"}],"author":[{"embeddable":true,"href":"https:\/\/linitiative.ca\/International\/wp-json\/wp\/v2\/users\/1775"}],"replies":[{"embeddable":true,"href":"https:\/\/linitiative.ca\/International\/wp-json\/wp\/v2\/comments?post=118264"}],"version-history":[{"count":0,"href":"https:\/\/linitiative.ca\/International\/wp-json\/wp\/v2\/posts\/118264\/revisions"}],"wp:attachment":[{"href":"https:\/\/linitiative.ca\/International\/wp-json\/wp\/v2\/media?parent=118264"}],"wp:term":[{"taxonomy":"category","embeddable":true,"href":"https:\/\/linitiative.ca\/International\/wp-json\/wp\/v2\/categories?post=118264"},{"taxonomy":"post_tag","embeddable":true,"href":"https:\/\/linitiative.ca\/International\/wp-json\/wp\/v2\/tags?post=118264"}],"curies":[{"name":"wp","href":"https:\/\/api.w.org\/{rel}","templated":true}]}}