{"id":118265,"date":"2021-06-09T05:30:00","date_gmt":"2021-06-09T09:30:00","guid":{"rendered":"https:\/\/linitiative.ca\/International\/plus-de-3-000-requetes-citoyennes-en-8-mois\/"},"modified":"2021-06-09T05:30:00","modified_gmt":"2021-06-09T09:30:00","slug":"plus-de-3-000-requetes-citoyennes-en-8-mois","status":"publish","type":"post","link":"https:\/\/linitiative.ca\/International\/plus-de-3-000-requetes-citoyennes-en-8-mois\/","title":{"rendered":"Plus de 3 000 requ\u00eates citoyennes en 8 mois"},"content":{"rendered":"<div id=\"originalText\" readability=\"56\">\n<p>\u25a0\u00a0 Depuis l\u2019ouverture de ses locaux, il y a 8 mois, la d\u00e9l\u00e9gation locale du m\u00e9diateur de la R\u00e9publique de Bordj Bou-Arr\u00e9ridj ne ch\u00f4me pas.<\/p>\n<p>Selon nos\u00a0 informations, plus\u00a0 de 3 000 requ\u00eates ont \u00e9t\u00e9 d\u00e9pos\u00e9es et des centaines d\u2019associations locales\u00a0 sont venues se plaindre des probl\u00e8mes r\u00e9currents que vivent les citoyens de la r\u00e9gion.<\/p>\n<p>Ces personnes \u2014 de toutes les classes sociales confondues \u2014 soumettent non pas un probl\u00e8me, mais parfois plusieurs, tels que le logement, le travail, l\u2019universit\u00e9, la s\u00e9curit\u00e9, la solidarit\u00e9 et m\u00eame&#8230; les soucis familiaux comme les h\u00e9ritages, les\u00a0 conflits\u00a0 avec\u00a0 les\u00a0 administrations, avec\u00a0 la\u00a0 justice, avec les responsables, avec les patrons&#8230; Sur l\u2019ensemble des requ\u00eates, plusieurs ont re\u00e7u des r\u00e9ponses des organismes concern\u00e9s.<\/p>\n<\/div>\n<div id=\"text_core\" readability=\"56\">\n<p>\u25a0\u00a0 Depuis l\u2019ouverture de ses locaux, il y a 8 mois, la d\u00e9l\u00e9gation locale du m\u00e9diateur de la R\u00e9publique de Bordj Bou-Arr\u00e9ridj ne ch\u00f4me pas.<\/p>\n<p>Selon nos\u00a0 informations, plus\u00a0 de 3 000 requ\u00eates ont \u00e9t\u00e9 d\u00e9pos\u00e9es et des centaines d\u2019associations locales\u00a0 sont venues se plaindre des probl\u00e8mes r\u00e9currents que vivent les citoyens de la r\u00e9gion.<\/p>\n<p>Ces personnes \u2014 de toutes les classes sociales confondues \u2014 soumettent non pas un probl\u00e8me, mais parfois plusieurs, tels que le logement, le travail, l\u2019universit\u00e9, la s\u00e9curit\u00e9, la solidarit\u00e9 et m\u00eame&#8230; les soucis familiaux comme les h\u00e9ritages, les\u00a0 conflits\u00a0 avec\u00a0 les\u00a0 administrations, avec\u00a0 la\u00a0 justice, avec les responsables, avec les patrons&#8230; Sur l\u2019ensemble des requ\u00eates, plusieurs ont re\u00e7u des r\u00e9ponses des organismes concern\u00e9s.<\/p>\n<\/div>\n<p>Auteur:<br \/>\n<a href=\"https:\/\/www.liberte-algerie.com\/radar\/plus-de-3-000-requetes-citoyennes-en-8-mois-360015\">Cliquez ici pour lire l&rsquo;article depuis sa source.<\/a><\/p>\n","protected":false},"excerpt":{"rendered":"<p>\u25a0\u00a0 Depuis l\u2019ouverture de ses locaux, il y a 8 mois, la d\u00e9l\u00e9gation locale du m\u00e9diateur de la R\u00e9publique de Bordj Bou-Arr\u00e9ridj ne ch\u00f4me pas. Selon nos\u00a0 informations, plus\u00a0 de 3 000 requ\u00eates ont \u00e9t\u00e9 d\u00e9pos\u00e9es et des centaines d\u2019associations locales\u00a0 sont venues se plaindre des probl\u00e8mes r\u00e9currents que vivent les citoyens de la r\u00e9gion. [&hellip;]<\/p>\n","protected":false},"author":1742,"featured_media":0,"comment_status":"closed","ping_status":"closed","sticky":false,"template":"","format":"standard","meta":{"fifu_image_url":"","fifu_image_alt":"","footnotes":""},"categories":[73,53],"tags":[],"class_list":["post-118265","post","type-post","status-publish","format-standard","hentry","category-actualite","category-algerie"],"_links":{"self":[{"href":"https:\/\/linitiative.ca\/International\/wp-json\/wp\/v2\/posts\/118265","targetHints":{"allow":["GET"]}}],"collection":[{"href":"https:\/\/linitiative.ca\/International\/wp-json\/wp\/v2\/posts"}],"about":[{"href":"https:\/\/linitiative.ca\/International\/wp-json\/wp\/v2\/types\/post"}],"author":[{"embeddable":true,"href":"https:\/\/linitiative.ca\/International\/wp-json\/wp\/v2\/users\/1742"}],"replies":[{"embeddable":true,"href":"https:\/\/linitiative.ca\/International\/wp-json\/wp\/v2\/comments?post=118265"}],"version-history":[{"count":0,"href":"https:\/\/linitiative.ca\/International\/wp-json\/wp\/v2\/posts\/118265\/revisions"}],"wp:attachment":[{"href":"https:\/\/linitiative.ca\/International\/wp-json\/wp\/v2\/media?parent=118265"}],"wp:term":[{"taxonomy":"category","embeddable":true,"href":"https:\/\/linitiative.ca\/International\/wp-json\/wp\/v2\/categories?post=118265"},{"taxonomy":"post_tag","embeddable":true,"href":"https:\/\/linitiative.ca\/International\/wp-json\/wp\/v2\/tags?post=118265"}],"curies":[{"name":"wp","href":"https:\/\/api.w.org\/{rel}","templated":true}]}}