{"id":118266,"date":"2021-06-09T05:30:00","date_gmt":"2021-06-09T09:30:00","guid":{"rendered":"https:\/\/linitiative.ca\/International\/la-js-kabylie-rend-un-vibrant-hommage-a-tahar-djaout\/"},"modified":"2021-06-09T05:30:00","modified_gmt":"2021-06-09T09:30:00","slug":"la-js-kabylie-rend-un-vibrant-hommage-a-tahar-djaout","status":"publish","type":"post","link":"https:\/\/linitiative.ca\/International\/la-js-kabylie-rend-un-vibrant-hommage-a-tahar-djaout\/","title":{"rendered":"La JS Kabylie rend un vibrant hommage \u00e0 Tahar Djaout"},"content":{"rendered":"<div id=\"originalText\" readability=\"48\">\n<p>\u25a0\u00a0 Quelques\u00a0 jours\u00a0 seulement\u00a0 apr\u00e8s\u00a0 avoir\u00a0 ralli\u00e9\u00a0 le\u00a0 village\u00a0 de Taourit-Moussa, dans\u00a0 la\u00a0 localit\u00e9\u00a0 d\u2019Ath Douala, \u00e0 Tizi Ouzou, pour\u00a0 se\u00a0 recueillir \u00e0 la m\u00e9moire du regrett\u00e9 Matoub Loun\u00e8s, une d\u00e9l\u00e9gation du club de la JS Kabylie, emmen\u00e9e par le\u00a0 pr\u00e9sident\u00a0 Cherif\u00a0 Mellal, s\u2019est\u00a0 ensuite\u00a0 rendue\u00a0 au\u00a0 village d\u2019Oulkhou, dans la da\u00efra d\u2019Azeffoun, pour se recueillir sur la tombe de\u00a0 l\u2019\u00e9crivain et journaliste Tahar Djaout, tomb\u00e9 le 26 mai 1993 sous les balles\u00a0 d\u2019un\u00a0 groupe terroriste devant son domicile \u00e0 Ba\u00efnem (Alger).<\/p>\n<p>\u00c0 cette occasion, le club phare du Djurdjura a rendu un vibrant hommage \u00e0 ce monument de la cause berb\u00e8re et du combat d\u00e9mocratique en Alg\u00e9rie.<\/p>\n<\/div>\n<div id=\"text_core\" readability=\"48\">\n<p>\u25a0\u00a0 Quelques\u00a0 jours\u00a0 seulement\u00a0 apr\u00e8s\u00a0 avoir\u00a0 ralli\u00e9\u00a0 le\u00a0 village\u00a0 de Taourit-Moussa, dans\u00a0 la\u00a0 localit\u00e9\u00a0 d\u2019Ath Douala, \u00e0 Tizi Ouzou, pour\u00a0 se\u00a0 recueillir \u00e0 la m\u00e9moire du regrett\u00e9 Matoub Loun\u00e8s, une d\u00e9l\u00e9gation du club de la JS Kabylie, emmen\u00e9e par le\u00a0 pr\u00e9sident\u00a0 Cherif\u00a0 Mellal, s\u2019est\u00a0 ensuite\u00a0 rendue\u00a0 au\u00a0 village d\u2019Oulkhou, dans la da\u00efra d\u2019Azeffoun, pour se recueillir sur la tombe de\u00a0 l\u2019\u00e9crivain et journaliste Tahar Djaout, tomb\u00e9 le 26 mai 1993 sous les balles\u00a0 d\u2019un\u00a0 groupe terroriste devant son domicile \u00e0 Ba\u00efnem (Alger).<\/p>\n<p>\u00c0 cette occasion, le club phare du Djurdjura a rendu un vibrant hommage \u00e0 ce monument de la cause berb\u00e8re et du combat d\u00e9mocratique en Alg\u00e9rie.<\/p>\n<\/div>\n<p>Auteur:<br \/>\n<a href=\"https:\/\/www.liberte-algerie.com\/radar\/la-js-kabylie-rend-un-vibrant-hommage-a-tahar-djaout-360014\">Cliquez ici pour lire l&rsquo;article depuis sa source.<\/a><\/p>\n","protected":false},"excerpt":{"rendered":"<p>\u25a0\u00a0 Quelques\u00a0 jours\u00a0 seulement\u00a0 apr\u00e8s\u00a0 avoir\u00a0 ralli\u00e9\u00a0 le\u00a0 village\u00a0 de Taourit-Moussa, dans\u00a0 la\u00a0 localit\u00e9\u00a0 d\u2019Ath Douala, \u00e0 Tizi Ouzou, pour\u00a0 se\u00a0 recueillir \u00e0 la m\u00e9moire du regrett\u00e9 Matoub Loun\u00e8s, une d\u00e9l\u00e9gation du club de la JS Kabylie, emmen\u00e9e par le\u00a0 pr\u00e9sident\u00a0 Cherif\u00a0 Mellal, s\u2019est\u00a0 ensuite\u00a0 rendue\u00a0 au\u00a0 village d\u2019Oulkhou, dans la da\u00efra d\u2019Azeffoun, pour se [&hellip;]<\/p>\n","protected":false},"author":1742,"featured_media":0,"comment_status":"closed","ping_status":"closed","sticky":false,"template":"","format":"standard","meta":{"fifu_image_url":"","fifu_image_alt":"","footnotes":""},"categories":[73,53],"tags":[],"class_list":["post-118266","post","type-post","status-publish","format-standard","hentry","category-actualite","category-algerie"],"_links":{"self":[{"href":"https:\/\/linitiative.ca\/International\/wp-json\/wp\/v2\/posts\/118266","targetHints":{"allow":["GET"]}}],"collection":[{"href":"https:\/\/linitiative.ca\/International\/wp-json\/wp\/v2\/posts"}],"about":[{"href":"https:\/\/linitiative.ca\/International\/wp-json\/wp\/v2\/types\/post"}],"author":[{"embeddable":true,"href":"https:\/\/linitiative.ca\/International\/wp-json\/wp\/v2\/users\/1742"}],"replies":[{"embeddable":true,"href":"https:\/\/linitiative.ca\/International\/wp-json\/wp\/v2\/comments?post=118266"}],"version-history":[{"count":0,"href":"https:\/\/linitiative.ca\/International\/wp-json\/wp\/v2\/posts\/118266\/revisions"}],"wp:attachment":[{"href":"https:\/\/linitiative.ca\/International\/wp-json\/wp\/v2\/media?parent=118266"}],"wp:term":[{"taxonomy":"category","embeddable":true,"href":"https:\/\/linitiative.ca\/International\/wp-json\/wp\/v2\/categories?post=118266"},{"taxonomy":"post_tag","embeddable":true,"href":"https:\/\/linitiative.ca\/International\/wp-json\/wp\/v2\/tags?post=118266"}],"curies":[{"name":"wp","href":"https:\/\/api.w.org\/{rel}","templated":true}]}}