{"id":118267,"date":"2021-06-09T05:30:00","date_gmt":"2021-06-09T09:30:00","guid":{"rendered":"https:\/\/linitiative.ca\/International\/une-simultanee-dechecs-pour-cibler-le-record-du-monde\/"},"modified":"2021-06-09T05:30:00","modified_gmt":"2021-06-09T09:30:00","slug":"une-simultanee-dechecs-pour-cibler-le-record-du-monde","status":"publish","type":"post","link":"https:\/\/linitiative.ca\/International\/une-simultanee-dechecs-pour-cibler-le-record-du-monde\/","title":{"rendered":"Une simultan\u00e9e d\u2019\u00e9checs pour cibler le record du monde"},"content":{"rendered":"<div id=\"originalText\" readability=\"45\">\n<p>\u25a0 La simultan\u00e9e de jeux d\u2019\u00e9checs se d\u00e9roulera demain au si\u00e8ge du club sportif amateur La Rel\u00e8ve, bas\u00e9e \u00e0 la maison de jeunes Mekdad-M\u2019hamed de Bir El-Djir, \u00e0 Oran.<\/p>\n<p>Selon\u00a0 les\u00a0 organisateurs,\u00a0 cette\u00a0 comp\u00e9tition\u00a0 s\u2019inscrit\u00a0 dans\u00a0 le\u00a0 cadre\u00a0 des pr\u00e9parations techniques et d\u2019endurance en perspective d\u2019un \u00e9ventuel record du monde de parties simultan\u00e9es pr\u00e9vues en 2023, d\u2019une part, et dans la s\u00e9rie de simultan\u00e9es\u00a0 programm\u00e9es,\u00a0 \u00e0\u00a0 l\u2019instar\u00a0 de\u00a0 celles\u00a0 qui\u00a0 seront\u00a0 organis\u00e9es respectivement \u00e0 l\u2019Institut Cervant\u00e8s d\u2019Oran le 24 juin prochain et \u00e0 l\u2019Institut fran\u00e7ais d\u2019Alger le 12 juillet prochain, d\u2019autre part.<\/p>\n<\/div>\n<div id=\"text_core\" readability=\"45\">\n<p>\u25a0 La simultan\u00e9e de jeux d\u2019\u00e9checs se d\u00e9roulera demain au si\u00e8ge du club sportif amateur La Rel\u00e8ve, bas\u00e9e \u00e0 la maison de jeunes Mekdad-M\u2019hamed de Bir El-Djir, \u00e0 Oran.<\/p>\n<p>Selon\u00a0 les\u00a0 organisateurs,\u00a0 cette\u00a0 comp\u00e9tition\u00a0 s\u2019inscrit\u00a0 dans\u00a0 le\u00a0 cadre\u00a0 des pr\u00e9parations techniques et d\u2019endurance en perspective d\u2019un \u00e9ventuel record du monde de parties simultan\u00e9es pr\u00e9vues en 2023, d\u2019une part, et dans la s\u00e9rie de simultan\u00e9es\u00a0 programm\u00e9es,\u00a0 \u00e0\u00a0 l\u2019instar\u00a0 de\u00a0 celles\u00a0 qui\u00a0 seront\u00a0 organis\u00e9es respectivement \u00e0 l\u2019Institut Cervant\u00e8s d\u2019Oran le 24 juin prochain et \u00e0 l\u2019Institut fran\u00e7ais d\u2019Alger le 12 juillet prochain, d\u2019autre part.<\/p>\n<\/div>\n<p>Auteur:<br \/>\n<a href=\"https:\/\/www.liberte-algerie.com\/radar\/une-simultanee-dechecs-pour-cibler-le-record-du-monde-360013\">Cliquez ici pour lire l&rsquo;article depuis sa source.<\/a><\/p>\n","protected":false},"excerpt":{"rendered":"<p>\u25a0 La simultan\u00e9e de jeux d\u2019\u00e9checs se d\u00e9roulera demain au si\u00e8ge du club sportif amateur La Rel\u00e8ve, bas\u00e9e \u00e0 la maison de jeunes Mekdad-M\u2019hamed de Bir El-Djir, \u00e0 Oran. Selon\u00a0 les\u00a0 organisateurs,\u00a0 cette\u00a0 comp\u00e9tition\u00a0 s\u2019inscrit\u00a0 dans\u00a0 le\u00a0 cadre\u00a0 des pr\u00e9parations techniques et d\u2019endurance en perspective d\u2019un \u00e9ventuel record du monde de parties simultan\u00e9es pr\u00e9vues en [&hellip;]<\/p>\n","protected":false},"author":1742,"featured_media":0,"comment_status":"closed","ping_status":"closed","sticky":false,"template":"","format":"standard","meta":{"fifu_image_url":"","fifu_image_alt":"","footnotes":""},"categories":[73,53],"tags":[],"class_list":["post-118267","post","type-post","status-publish","format-standard","hentry","category-actualite","category-algerie"],"_links":{"self":[{"href":"https:\/\/linitiative.ca\/International\/wp-json\/wp\/v2\/posts\/118267","targetHints":{"allow":["GET"]}}],"collection":[{"href":"https:\/\/linitiative.ca\/International\/wp-json\/wp\/v2\/posts"}],"about":[{"href":"https:\/\/linitiative.ca\/International\/wp-json\/wp\/v2\/types\/post"}],"author":[{"embeddable":true,"href":"https:\/\/linitiative.ca\/International\/wp-json\/wp\/v2\/users\/1742"}],"replies":[{"embeddable":true,"href":"https:\/\/linitiative.ca\/International\/wp-json\/wp\/v2\/comments?post=118267"}],"version-history":[{"count":0,"href":"https:\/\/linitiative.ca\/International\/wp-json\/wp\/v2\/posts\/118267\/revisions"}],"wp:attachment":[{"href":"https:\/\/linitiative.ca\/International\/wp-json\/wp\/v2\/media?parent=118267"}],"wp:term":[{"taxonomy":"category","embeddable":true,"href":"https:\/\/linitiative.ca\/International\/wp-json\/wp\/v2\/categories?post=118267"},{"taxonomy":"post_tag","embeddable":true,"href":"https:\/\/linitiative.ca\/International\/wp-json\/wp\/v2\/tags?post=118267"}],"curies":[{"name":"wp","href":"https:\/\/api.w.org\/{rel}","templated":true}]}}