{"id":118268,"date":"2021-06-09T05:30:00","date_gmt":"2021-06-09T09:30:00","guid":{"rendered":"https:\/\/linitiative.ca\/International\/les-investisseurs-en-appellent-au-ministre-de-lagriculture\/"},"modified":"2021-06-09T05:30:00","modified_gmt":"2021-06-09T09:30:00","slug":"les-investisseurs-en-appellent-au-ministre-de-lagriculture","status":"publish","type":"post","link":"https:\/\/linitiative.ca\/International\/les-investisseurs-en-appellent-au-ministre-de-lagriculture\/","title":{"rendered":"Les investisseurs en appellent au ministre de l\u2019Agriculture"},"content":{"rendered":"<div id=\"originalText\" readability=\"66\">\n<p>\u25a0\u00a0 Les agriculteurs et les investisseurs de la Mitidja et de certaines wilayas environnantes ne savent plus \u00e0 quelle autorit\u00e9 s\u2019adresser pour pouvoir r\u00e9gulariser leur situation financi\u00e8re et administrative.<\/p>\n<p>Pour cause, depuis le d\u00e9c\u00e8s, il y a un an, de l\u2019ancien directeur du service agricole (DSA) de la wilaya de Blida, les professionnels du secteur peinent \u00e0 trouver un vis-\u00e0-vis pour exposer leurs pr\u00e9occupations, solutionner les probl\u00e8mes li\u00e9s \u00e0 leurs cr\u00e9ances et autres conventions en souffrance, alors que ces derniers n\u2019ont pas cess\u00e9 leurs activit\u00e9s respectives durant la longue p\u00e9riode de la crise li\u00e9e \u00e0 la pand\u00e9mie de Covid-19, qui secoue la r\u00e9gion.<\/p>\n<p>Aujourd\u2019hui, des agriculteurs, qui ont pris attache avec notre r\u00e9daction, en appellent au ministre de l\u2019Agriculture, Abdelhamid Hemdani, pour trouver une solution urgente \u00e0 leur situation, qui risque de s\u2019inscrire dans la dur\u00e9e.<\/p>\n<p>D\u2019autant que M. Hemdani a r\u00e9cemment exhort\u00e9 les DSA \u00e0 faire montre de plus d\u2019efforts sur le terrain, en collaboration avec l\u2019ensemble des acteurs concern\u00e9s, notamment la Chambre d\u2019agriculture, l\u2019interprofession, les associations, les agriculteurs et les subdivisionnaires pour faire fructifier les moyens d\u00e9ploy\u00e9s par l\u2019\u00c9tat et diversifier les cultures.<\/p>\n<\/div>\n<div id=\"text_core\" readability=\"66\">\n<p>\u25a0\u00a0 Les agriculteurs et les investisseurs de la Mitidja et de certaines wilayas environnantes ne savent plus \u00e0 quelle autorit\u00e9 s\u2019adresser pour pouvoir r\u00e9gulariser leur situation financi\u00e8re et administrative.<\/p>\n<p>Pour cause, depuis le d\u00e9c\u00e8s, il y a un an, de l\u2019ancien directeur du service agricole (DSA) de la wilaya de Blida, les professionnels du secteur peinent \u00e0 trouver un vis-\u00e0-vis pour exposer leurs pr\u00e9occupations, solutionner les probl\u00e8mes li\u00e9s \u00e0 leurs cr\u00e9ances et autres conventions en souffrance, alors que ces derniers n\u2019ont pas cess\u00e9 leurs activit\u00e9s respectives durant la longue p\u00e9riode de la crise li\u00e9e \u00e0 la pand\u00e9mie de Covid-19, qui secoue la r\u00e9gion.<\/p>\n<p>Aujourd\u2019hui, des agriculteurs, qui ont pris attache avec notre r\u00e9daction, en appellent au ministre de l\u2019Agriculture, Abdelhamid Hemdani, pour trouver une solution urgente \u00e0 leur situation, qui risque de s\u2019inscrire dans la dur\u00e9e.<\/p>\n<p>D\u2019autant que M. Hemdani a r\u00e9cemment exhort\u00e9 les DSA \u00e0 faire montre de plus d\u2019efforts sur le terrain, en collaboration avec l\u2019ensemble des acteurs concern\u00e9s, notamment la Chambre d\u2019agriculture, l\u2019interprofession, les associations, les agriculteurs et les subdivisionnaires pour faire fructifier les moyens d\u00e9ploy\u00e9s par l\u2019\u00c9tat et diversifier les cultures.<\/p>\n<\/div>\n<p>Auteur:<br \/>\n<a href=\"https:\/\/www.liberte-algerie.com\/radar\/les-investisseurs-en-appellent-au-ministre-de-lagriculture-360012\">Cliquez ici pour lire l&rsquo;article depuis sa source.<\/a><\/p>\n","protected":false},"excerpt":{"rendered":"<p>\u25a0\u00a0 Les agriculteurs et les investisseurs de la Mitidja et de certaines wilayas environnantes ne savent plus \u00e0 quelle autorit\u00e9 s\u2019adresser pour pouvoir r\u00e9gulariser leur situation financi\u00e8re et administrative. Pour cause, depuis le d\u00e9c\u00e8s, il y a un an, de l\u2019ancien directeur du service agricole (DSA) de la wilaya de Blida, les professionnels du secteur [&hellip;]<\/p>\n","protected":false},"author":1742,"featured_media":0,"comment_status":"closed","ping_status":"closed","sticky":false,"template":"","format":"standard","meta":{"fifu_image_url":"","fifu_image_alt":"","footnotes":""},"categories":[73,53],"tags":[],"class_list":["post-118268","post","type-post","status-publish","format-standard","hentry","category-actualite","category-algerie"],"_links":{"self":[{"href":"https:\/\/linitiative.ca\/International\/wp-json\/wp\/v2\/posts\/118268","targetHints":{"allow":["GET"]}}],"collection":[{"href":"https:\/\/linitiative.ca\/International\/wp-json\/wp\/v2\/posts"}],"about":[{"href":"https:\/\/linitiative.ca\/International\/wp-json\/wp\/v2\/types\/post"}],"author":[{"embeddable":true,"href":"https:\/\/linitiative.ca\/International\/wp-json\/wp\/v2\/users\/1742"}],"replies":[{"embeddable":true,"href":"https:\/\/linitiative.ca\/International\/wp-json\/wp\/v2\/comments?post=118268"}],"version-history":[{"count":0,"href":"https:\/\/linitiative.ca\/International\/wp-json\/wp\/v2\/posts\/118268\/revisions"}],"wp:attachment":[{"href":"https:\/\/linitiative.ca\/International\/wp-json\/wp\/v2\/media?parent=118268"}],"wp:term":[{"taxonomy":"category","embeddable":true,"href":"https:\/\/linitiative.ca\/International\/wp-json\/wp\/v2\/categories?post=118268"},{"taxonomy":"post_tag","embeddable":true,"href":"https:\/\/linitiative.ca\/International\/wp-json\/wp\/v2\/tags?post=118268"}],"curies":[{"name":"wp","href":"https:\/\/api.w.org\/{rel}","templated":true}]}}